{"id":104,"date":"2022-06-24T15:26:34","date_gmt":"2022-06-24T15:26:34","guid":{"rendered":"http:\/\/agenf.org\/lapalabra\/?p=104"},"modified":"2022-07-09T00:01:57","modified_gmt":"2022-07-09T00:01:57","slug":"adios-al-plastico-de-un-solo-uso","status":"publish","type":"post","link":"https:\/\/agenf.org\/palabras\/index.php\/2022\/06\/24\/adios-al-plastico-de-un-solo-uso\/","title":{"rendered":"Adi\u00f3s al pl\u00e1stico de un solo uso"},"content":{"rendered":"\n<p><mark style=\"background-color:rgba(0, 0, 0, 0)\" class=\"has-inline-color has-vivid-red-color\">Por: Daniela Daza <\/mark><\/p>\n\n\n\n<p class=\"has-text-align-left\">Si algo bueno trajo la pandemia, fue la reestructuraci\u00f3n de pensamientos muy arraigados, uno que quiero resaltar va de la mano con el funcionamiento de la sociedad, sociedad que se pensaba, giraba en torno a lo meramente tangible; La pandemia no solo vino a \u201cencerrarnos\u201d sino tambi\u00e9n a cambiar nuestros pensamientos, a repensar nuestro paso por el mundo y la huella que queremos dejar, porque qu\u00e9 mejor huella que no haber dejado huella, pero esto no lo quiero generalizar ni conflictuar, solo lo quiero emplear para esta problem\u00e1tica espec\u00edfica que le ata\u00f1e a todas las personas.<\/p>\n\n\n\n<p class=\"has-text-align-left\">Cuando digo que seria muy bueno no dejar huella, me estoy refiriendo expl\u00edcitamente a la contaminaci\u00f3n, si miramos unos siglos atr\u00e1s, dentro de mi ignorancia pienso que no hay huella de contaminaci\u00f3n de las tribus que habitaban estas tierras, claramente no pienso comparar las condiciones de vida de las personas porque son muy distintas, pero s\u00ed pienso que ser\u00eda muy bueno empezar a no dejar huellas de contaminaci\u00f3n, para esto quiero mostrarles una tienda que se encuentra en Tunja, Boyac\u00e1 a un par de cuadras del puesto de salud centenario, la cual ofrece venta de granos de la canasta familiar, generando impacto en el bolsillo y en los pl\u00e1sticos de un solo uso, que ya no ser\u00edan necesarios porque solo seria llevar un tasa y recargar los granos que necesites, si esto se implementara&nbsp; en todos los productos, tal vez ya no sacar\u00edamos basura 3 veces a la semana si no 1.<\/p>\n\n\n\n<figure class=\"wp-block-image size-large is-resized\"><img loading=\"lazy\" decoding=\"async\" src=\"http:\/\/agenf.org\/lapalabra\/wp-content\/uploads\/2022\/06\/WhatsApp-Image-2022-06-22-at-9.16.58-PM-768x1024.jpeg\" alt=\"\" class=\"wp-image-105\" width=\"563\" height=\"750\" srcset=\"https:\/\/agenf.org\/palabras\/wp-content\/uploads\/2022\/06\/WhatsApp-Image-2022-06-22-at-9.16.58-PM-768x1024.jpeg 768w, https:\/\/agenf.org\/palabras\/wp-content\/uploads\/2022\/06\/WhatsApp-Image-2022-06-22-at-9.16.58-PM-225x300.jpeg 225w, https:\/\/agenf.org\/palabras\/wp-content\/uploads\/2022\/06\/WhatsApp-Image-2022-06-22-at-9.16.58-PM.jpeg 960w\" sizes=\"auto, (max-width: 563px) 100vw, 563px\" \/><\/figure>\n\n\n\n<p class=\"has-text-align-center\"><em>Daza, D. (2022) Tunja, Boyac\u00e1<\/em><\/p>\n","protected":false},"excerpt":{"rendered":"<p>Si algo bueno trajo la pandemia, fue la reestructuraci\u00f3n de pensamientos muy arraigados, uno que quiero resaltar va de la mano con el funcionamiento de la sociedad, sociedad que se pensaba, giraba en torno a lo meramente tangible; La pandemia no solo vino a \u201cencerrarnos\u201d sino tambi\u00e9n a cambiar nuestros pensamientos, a repensar nuestro paso por el mundo y la huella que queremos dejar, porque qu\u00e9 mejor huella que no haber dejado huella, pero esto no lo quiero generalizar ni conflictuar, solo lo quiero emplear para esta problem\u00e1tica espec\u00edfica que le ata\u00f1e a todas las personas.<\/p>\n","protected":false},"author":31,"featured_media":105,"comment_status":"open","ping_status":"open","sticky":false,"template":"","format":"standard","meta":{"_monsterinsights_skip_tracking":false,"_monsterinsights_sitenote_active":false,"_monsterinsights_sitenote_note":"","_monsterinsights_sitenote_category":0,"footnotes":""},"categories":[23],"tags":[],"class_list":["post-104","post","type-post","status-publish","format-standard","has-post-thumbnail","hentry","category-medio-ambiente"],"_links":{"self":[{"href":"https:\/\/agenf.org\/palabras\/index.php\/wp-json\/wp\/v2\/posts\/104","targetHints":{"allow":["GET"]}}],"collection":[{"href":"https:\/\/agenf.org\/palabras\/index.php\/wp-json\/wp\/v2\/posts"}],"about":[{"href":"https:\/\/agenf.org\/palabras\/index.php\/wp-json\/wp\/v2\/types\/post"}],"author":[{"embeddable":true,"href":"https:\/\/agenf.org\/palabras\/index.php\/wp-json\/wp\/v2\/users\/31"}],"replies":[{"embeddable":true,"href":"https:\/\/agenf.org\/palabras\/index.php\/wp-json\/wp\/v2\/comments?post=104"}],"version-history":[{"count":5,"href":"https:\/\/agenf.org\/palabras\/index.php\/wp-json\/wp\/v2\/posts\/104\/revisions"}],"predecessor-version":[{"id":127,"href":"https:\/\/agenf.org\/palabras\/index.php\/wp-json\/wp\/v2\/posts\/104\/revisions\/127"}],"wp:featuredmedia":[{"embeddable":true,"href":"https:\/\/agenf.org\/palabras\/index.php\/wp-json\/wp\/v2\/media\/105"}],"wp:attachment":[{"href":"https:\/\/agenf.org\/palabras\/index.php\/wp-json\/wp\/v2\/media?parent=104"}],"wp:term":[{"taxonomy":"category","embeddable":true,"href":"https:\/\/agenf.org\/palabras\/index.php\/wp-json\/wp\/v2\/categories?post=104"},{"taxonomy":"post_tag","embeddable":true,"href":"https:\/\/agenf.org\/palabras\/index.php\/wp-json\/wp\/v2\/tags?post=104"}],"curies":[{"name":"wp","href":"https:\/\/api.w.org\/{rel}","templated":true}]}}