{"id":114,"date":"2022-06-26T21:20:49","date_gmt":"2022-06-26T21:20:49","guid":{"rendered":"http:\/\/agenf.org\/lapalabra\/?p=114"},"modified":"2022-06-28T23:46:22","modified_gmt":"2022-06-28T23:46:22","slug":"la-politica-arte-o-ciencia","status":"publish","type":"post","link":"https:\/\/agenf.org\/palabras\/index.php\/2022\/06\/26\/la-politica-arte-o-ciencia\/","title":{"rendered":"Las \u00e9lites y la concetraci\u00f3n del poder"},"content":{"rendered":"\n<p><strong><mark style=\"background-color:rgba(0, 0, 0, 0)\" class=\"has-inline-color has-vivid-red-color\">Por: Natalie Manrique Abril PhD (c)<\/mark><\/strong><\/p>\n\n\n\n<p><\/p>\n\n\n\n<p><strong>Las \u00e9lites y la concentraci\u00f3n del poder<\/strong><\/p>\n\n\n\n<p><\/p>\n\n\n\n<p>Frente a la afirmaci\u00f3n de Torrijos de que las \u00c9lites promovieron el conflicto, vale la pena recordar que quienes ostentan las mayores posiciones de poder dentro del Estado en el orden nacional, regional y local son precisamente grupos familiares. Dichos clanes tienen car\u00e1cter gamonal, es decir obedecen a esquemas patronales que tienen cierto aire feudalista, donde se observan personajes \u00e1varos, ego\u00edstas, ambiciosos, eg\u00f3latras; que mantienen desd\u00e9n y desprecio por los dem\u00e1s, pero que controlan y manipulan a las personas al proyectar una imagen de protector y proveedor de bienestar a trav\u00e9s de una falsa caridad (normalmente se hace con dinero proveniente de los impuestos, de causas solidarias, del narcotr\u00e1fico, o de la corrupci\u00f3n).<\/p>\n\n\n\n<p>La Iglesia Cat\u00f3lica desde \u00e9pocas de Constantino ha estado ligada al poder, lo cual le ha permitido incrementar su patrimonio, lo cual la conllev\u00f3 a convertirse en concentradora de poder y una \u00e9lite en s\u00ed misma. Ejerciendo su influencia espiritual, y apelando al recurso de amortizaci\u00f3n, que consiste en la exenci\u00f3n de impuestos sobre sus posesiones, gracias a la presunci\u00f3n de que dichos bienes van a \u201cparar a manos de Dios\u201d. As\u00ed, dichos bienes pasaron a hacer parte de la \u201cmano muerta\u201d, la masa de propiedades que ten\u00edan las Corporaciones que se supon\u00eda que se establecieron para el bien p\u00fablico, y por tanto no pod\u00edan pasar a manos de los se\u00f1ores o del Rey. Dicha tradici\u00f3n de la Corona continu\u00f3 en sus colonias (Mart\u00ednez de Azcoitia, 1972).<\/p>\n\n\n\n<p>Debido a que muchos de los pa\u00edses actuales de Suram\u00e9rica fueron colonizados por la Corona Espa\u00f1ola, en Colombia la tradici\u00f3n de las creencias de tipo m\u00edstica o espiritual predominante desde la Colonia es la cat\u00f3lica. En los tiempos de la fundaci\u00f3n de la Rep\u00fablica era \u201cpecado\u201d no profesar la religi\u00f3n, por lo cual las personas de las \u00e9lites de las dos vertientes pol\u00edticas eran hacendados o nuevos ricos que surgieron despu\u00e9s de la independencia, personas con dinero creyentes y que profesaban la religi\u00f3n, en mayor o menor medida.<\/p>\n\n\n\n<p>En algunos casos, las \u00e9lites proceden directamente de Espa\u00f1a, lo que les brinda cierto car\u00e1cter aristocr\u00e1tico de linaje \u201cpuro\u201d o \u201cblanco\u201d. Con dicho discurso se ha ejercido violencia \u00e9tnica sobre grupos ind\u00edgenas y afrodescendientes, quienes han estado marginados del ejercicio del poder en Colombia, y cuyas regiones son las que presentan mayor desigualdad y atraso. Un ejemplo es la familia Samper, descendientes de Manuel Samper Sanz (Zaragoza \u2013 Arag\u00f3n 1745, Bogot\u00e1 (1815) hijo este a su vez de Juan (Francisco) de Samper y Mar\u00eda (Martina) Sanz nacida en Epila \u2013 Zaragoza (Villegas Cort\u00e9s, 2018). Su mayor exponente actual es el expresidente Ernesto Samper Pizano.<\/p>\n\n\n\n<p>As\u00ed, se generaron clases que obedec\u00edan a la caracter\u00edstica \u201csangre azul\u201d, t\u00e9rmino que se acu\u00f1\u00f3 en occidente para los arist\u00f3cratas, nobles, o descendientes de la realeza, quienes, al no realizar trabajos f\u00edsicos ten\u00edan una piel de color m\u00e1s blanca que evidenciaba m\u00e1s f\u00e1cilmente sus venas te\u00f1idas por un color azul (el color de la sangre con menos ox\u00edgeno). Los trabajadores, por su parte, campesinos y artesanos, as\u00ed como los esclavos y los ind\u00edgenas se expon\u00edan m\u00e1s al sol y por tanto su color de piel era m\u00e1s oscuro, ocultando las venas. Los arist\u00f3cratas apreciaban que el color de las venas fuera m\u00e1s vistoso, y en el caso de las mujeres era muy apreciado y f\u00e1cilmente evaluable en los bustos que sobresal\u00edan parcialmente de sus vestimentas: entre m\u00e1s p\u00e1lidos fuesen, m\u00e1s venas se ver\u00edan y de esa forma se asemejar\u00edan al aspecto del m\u00e1rmol, una piedra lujosa usada en el antiguo Egipto, en la \u00e9poca de los faraones y luego popularizada en el imperio Otomano, Italia, el vaticano y Europa occidental (L\u00f3pez S\u00e1nchez, 2014). De esta forma, la cosificaci\u00f3n de la mujer se institu\u00eda a partir de visiones arribistas ligadas a lujos.<\/p>\n\n\n\n<p>Un caso distinto es el del expresidente \u00c1lvaro Uribe, quien es hijo del ganadero y hacendado \u00c1lvaro Uribe Sierra, asesinado en la hacienda guacharacas en 1983 por, aparentemente, miembros de la guerrilla de las FARC. Uribe rompi\u00f3 la l\u00f3gica de las casas Ospina, Lleras, L\u00f3pez; Pastrana, Gaviria, y Santos, y otras \u00e9lites como Holgu\u00edn, Pe\u00f1alosa, Samper, Turbay y Valencia; quienes concentraron para s\u00ed mismas el poder nacional desde el centralismo de la casa de Nari\u00f1o desde, pr\u00e1cticamente, la independencia de Colombia. Para lograrlo, Uribe se apoy\u00f3 en gamonalismos regionales menos refinados que las \u00e9lites de orden nacional (de \u00e9stas \u00faltimas muchas proven\u00edan de gamonalismos regionales); y fue capaz de romper dicha tradici\u00f3n rotativa del poder (Mart\u00edn de la Fuente, 2018).<\/p>\n\n\n\n<p>Un caso patente de gamonalismo elitista se puede observar en la elecci\u00f3n de Mar\u00eda Fernanda Cabal, quien es la esposa de Jos\u00e9 Felix Lafaurie, presidente de la Federaci\u00f3n Colombiana de Ganaderos \u2013 Fedegan, y miembro del centro democr\u00e1tico, partido fundado por el expresidente \u00c1lvaro Uribe V\u00e9lez.<\/p>\n\n\n\n<p>Otro es el de la Senadora Paloma Valencia y Juan Carlos Iragorri, ambos provenientes de familias hacendadas en el Cauca, siendo la primera nieta del expresidente Guillermo Le\u00f3n Valencia, y el segundo primo de la senadora y director del partido de la U.<\/p>\n\n\n\n<p>En la actualidad se conforman \u00e9lites regionales que se proyectan hacia el poder nacional, como la casa Char de Barranquilla, que es a su vez apoyada por poderes tradicionales en cabeza de Germ\u00e1n Vargas Lleras, de la casa Lleras, por el partido cambio radical, y, aparentemente, Sim\u00f3n Gaviria, de la Casa Gaviria, por el Partido Liberal (W Radio, 2019a).<\/p>\n\n\n\n<p>El problema que surge de esta situaci\u00f3n es que, en su af\u00e1n ego\u00edsta de cooptar y concentrar el poder, las \u00e9lites lo traspasan generacionalmente, como se evidencia en el art\u00edculo \u201c<em>\u00bfUna \u00abnobleza\u00bb criolla? Cu\u00e1n profundo es el elitismo en Colombia y qu\u00e9 implica para el pa\u00eds<\/em> (Cosoy, 2017)\u201d, o en el art\u00edculo \u201c<em>Colombia: entre pactos de \u00e9lites y transiciones democr\u00e1ticas<\/em> (Moreno-Parra, 2017)\u201d y en la tesis \u201c<em>Radiograf\u00eda del poder en Colombia: \u00e9lites y v\u00ednculos de parentesco. Cambios y continuidades desde la teor\u00eda de redes<\/em> (Mart\u00edn de la Fuente, 2018)\u201d, entre muchos otros documentos.<\/p>\n\n\n\n<p>Estas conductas son perjudiciales para la democracia, dado que, contrario sensu a la teor\u00eda de la \u201c<em>trias pol\u00edtica<\/em>\u201d o separaci\u00f3n de poderes, donde se establece el sistema de frenos y contrapesos con el fin de lograr equilibrio y representatividad tanto de las mayor\u00edas como de las minor\u00edas (Causa Azitimbay, 2017); las \u00e9lites cooptan al Estado, y terminan excluyendo a las mayor\u00edas con las que se hacen elegir, as\u00ed como a las mayor\u00edas que no est\u00e1n de acuerdo con su proyecto, y a las minor\u00edas que tradicionalmente son excluidas y que carecen de una representatividad propia.<\/p>\n\n\n\n<p>As\u00ed, los grupos que ostentan el poder b\u00e1sicamente usan la democracia como pretexto para usar el Estado a su favor. Captan la mayor parte de la representaci\u00f3n democr\u00e1tica del Estado para garantizar a su vez su representaci\u00f3n en cargos de libre nombramiento y remoci\u00f3n, realizar la conocida maniobra de la puerta giratoria, y tener el manejo de informaci\u00f3n privilegiada y favorecerse a trav\u00e9s de negocios, bienes y propiedades de car\u00e1cter p\u00fablico para volverlos privados. De esa forma, valga la redundancia, protejan los intereses de una minor\u00eda poderosa: sus propios intereses.<\/p>\n","protected":false},"excerpt":{"rendered":"<p>Frente a la afirmaci\u00f3n de Torrijos de que las \u00c9lites promovieron el conflicto, vale la pena recordar que quienes ostentan las mayores posiciones de poder dentro del Estado en el orden nacional, regional y local son precisamente grupos familiares. Dichos clanes tienen car\u00e1cter gamonal, es decir obedecen a esquemas patronales que tienen cierto aire feudalista, donde se observan personajes \u00e1varos, ego\u00edstas, ambiciosos, eg\u00f3latras; que mantienen desd\u00e9n y desprecio por los dem\u00e1s, pero que controlan y manipulan a las personas al proyectar una imagen de protector y proveedor de bienestar a trav\u00e9s de una falsa caridad (normalmente se hace con dinero proveniente de los impuestos, de causas solidarias, del narcotr\u00e1fico, o de la corrupci\u00f3n).<\/p>\n","protected":false},"author":3,"featured_media":177,"comment_status":"closed","ping_status":"closed","sticky":true,"template":"","format":"standard","meta":{"_monsterinsights_skip_tracking":false,"_monsterinsights_sitenote_active":false,"_monsterinsights_sitenote_note":"","_monsterinsights_sitenote_category":0,"footnotes":""},"categories":[5],"tags":[],"class_list":["post-114","post","type-post","status-publish","format-standard","has-post-thumbnail","hentry","category-politica"],"_links":{"self":[{"href":"https:\/\/agenf.org\/palabras\/index.php\/wp-json\/wp\/v2\/posts\/114","targetHints":{"allow":["GET"]}}],"collection":[{"href":"https:\/\/agenf.org\/palabras\/index.php\/wp-json\/wp\/v2\/posts"}],"about":[{"href":"https:\/\/agenf.org\/palabras\/index.php\/wp-json\/wp\/v2\/types\/post"}],"author":[{"embeddable":true,"href":"https:\/\/agenf.org\/palabras\/index.php\/wp-json\/wp\/v2\/users\/3"}],"replies":[{"embeddable":true,"href":"https:\/\/agenf.org\/palabras\/index.php\/wp-json\/wp\/v2\/comments?post=114"}],"version-history":[{"count":3,"href":"https:\/\/agenf.org\/palabras\/index.php\/wp-json\/wp\/v2\/posts\/114\/revisions"}],"predecessor-version":[{"id":189,"href":"https:\/\/agenf.org\/palabras\/index.php\/wp-json\/wp\/v2\/posts\/114\/revisions\/189"}],"wp:featuredmedia":[{"embeddable":true,"href":"https:\/\/agenf.org\/palabras\/index.php\/wp-json\/wp\/v2\/media\/177"}],"wp:attachment":[{"href":"https:\/\/agenf.org\/palabras\/index.php\/wp-json\/wp\/v2\/media?parent=114"}],"wp:term":[{"taxonomy":"category","embeddable":true,"href":"https:\/\/agenf.org\/palabras\/index.php\/wp-json\/wp\/v2\/categories?post=114"},{"taxonomy":"post_tag","embeddable":true,"href":"https:\/\/agenf.org\/palabras\/index.php\/wp-json\/wp\/v2\/tags?post=114"}],"curies":[{"name":"wp","href":"https:\/\/api.w.org\/{rel}","templated":true}]}}