{"id":138,"date":"2022-06-27T01:14:35","date_gmt":"2022-06-27T01:14:35","guid":{"rendered":"http:\/\/agenf.org\/lapalabra\/?p=138"},"modified":"2022-06-27T02:43:11","modified_gmt":"2022-06-27T02:43:11","slug":"la-escuela-de-musica-de-tunja-llevo-a-cabo-una-presentacion-en-honor-a-las-madres-tunjanas","status":"publish","type":"post","link":"https:\/\/agenf.org\/palabras\/index.php\/2022\/06\/27\/la-escuela-de-musica-de-tunja-llevo-a-cabo-una-presentacion-en-honor-a-las-madres-tunjanas\/","title":{"rendered":"La Escuela de M\u00fasica de Tunja llev\u00f3 a cabo, una presentaci\u00f3n en honor a las madres tunjanas."},"content":{"rendered":"\n<p><strong><mark style=\"background-color:rgba(0, 0, 0, 0)\" class=\"has-inline-color has-vivid-red-color\">Por: Dayana G\u00f3mez <\/mark><\/strong><\/p>\n\n\n\n<p>En conjunto con las actividades Culturales, de las cuales la Alcald\u00eda de Tunja lleva a cabo, a trav\u00e9s de la secretaria de cultura y turismo, se ha venido materializando la reactivaci\u00f3n como actividad de clausura para el mes de las madres.<\/p>\n\n\n\n<figure class=\"wp-block-image size-full is-resized\"><img loading=\"lazy\" decoding=\"async\" src=\"http:\/\/agenf.org\/lapalabra\/wp-content\/uploads\/2022\/06\/image-6.png\" alt=\"\" class=\"wp-image-139\" width=\"705\" height=\"471\" srcset=\"https:\/\/agenf.org\/palabras\/wp-content\/uploads\/2022\/06\/image-6.png 448w, https:\/\/agenf.org\/palabras\/wp-content\/uploads\/2022\/06\/image-6-300x200.png 300w\" sizes=\"auto, (max-width: 705px) 100vw, 705px\" \/><figcaption>Fotograf\u00eda archivo: Oficina de comunicaciones \u2013 Alcald\u00eda de Tunja.<\/figcaption><\/figure>\n\n\n\n<p>La escuela de m\u00fasica de Tunja en direcci\u00f3n de Germ\u00e1n Moreno S\u00e1nchez, nos regal\u00f3 una impecable presentaci\u00f3n en honor a las madres tunjanas, presentaci\u00f3n en la cual hubo una integraci\u00f3n musical dentro del marco escenogr\u00e1fico del Teatro Mayor Bicentenario.<\/p>\n\n\n\n<p>Algunas de las interpretaciones dadas por parte de la Orquesta Sinf\u00f3nica las canciones apreciadas por todo el p\u00fablico presente en el evento fueron: \u201cHonores a Popay\u00e1n\u201d, \u201cPor v\u00eda suya\u201d, \u201cPor ti Colombia\u201d, \u201cColombia tierra querida\u201d, \u201cYo soy boyacense\u201d. Adem\u00e1s de las interpretaciones por parte del Coro, quienes deleitaron con su melodiosa voz, al p\u00fablico presente.<\/p>\n\n\n\n<p>Como punto a destacar, fue la indudable acogida por parte de la poblaci\u00f3n tunjana, a estas actividades culturales, dadas dentro del marco de viernes culturales, estrategia ejecutada por parte de la Alcald\u00eda de Tunja, dentro del marco de reactivaci\u00f3n econ\u00f3mica y cultural de la ciudad.<\/p>\n\n\n\n<p>Estas presentaciones est\u00e1n dadas dentro del marco de pr\u00e1cticas de presentaciones p\u00fablicas, para su pr\u00f3xima participaci\u00f3n en el Festival Mono N\u00fa\u00f1ez. \u201cLa presentaci\u00f3n es quiz\u00e1 una de las m\u00e1s impecables y organizadas que hayamos presentado, hasta el momento, adem\u00e1s de la excelente escenograf\u00eda del Teatro Bicentenario\u201d &#8211; Jhon Sebasti\u00e1n Garc\u00eda &#8211; interprete de la Tuba.<\/p>\n\n\n\n<p>Por parte de la comunidad tunjana, esperan que este tipo de eventos dentro del marco de viernes culturales sigan teniendo el apoyo del administrativo, para que se puedan llevar a cabo estas importantes presentaciones, que promocionan la cultura tunjana, el desarrollo art\u00edstico y la fundamentaci\u00f3n en artes de las j\u00f3venes promesas boyacense.<\/p>\n","protected":false},"excerpt":{"rendered":"<p>En conjunto con las actividades Culturales, de las cuales la Alcald\u00eda de Tunja lleva a cabo, a trav\u00e9s de la secretaria de cultura y turismo, se ha venido materializando la reactivaci\u00f3n como actividad de clausura para el mes de las madres.<\/p>\n","protected":false},"author":27,"featured_media":139,"comment_status":"closed","ping_status":"closed","sticky":false,"template":"","format":"standard","meta":{"_monsterinsights_skip_tracking":false,"_monsterinsights_sitenote_active":false,"_monsterinsights_sitenote_note":"","_monsterinsights_sitenote_category":0,"footnotes":""},"categories":[24],"tags":[],"class_list":["post-138","post","type-post","status-publish","format-standard","has-post-thumbnail","hentry","category-cultural"],"_links":{"self":[{"href":"https:\/\/agenf.org\/palabras\/index.php\/wp-json\/wp\/v2\/posts\/138","targetHints":{"allow":["GET"]}}],"collection":[{"href":"https:\/\/agenf.org\/palabras\/index.php\/wp-json\/wp\/v2\/posts"}],"about":[{"href":"https:\/\/agenf.org\/palabras\/index.php\/wp-json\/wp\/v2\/types\/post"}],"author":[{"embeddable":true,"href":"https:\/\/agenf.org\/palabras\/index.php\/wp-json\/wp\/v2\/users\/27"}],"replies":[{"embeddable":true,"href":"https:\/\/agenf.org\/palabras\/index.php\/wp-json\/wp\/v2\/comments?post=138"}],"version-history":[{"count":5,"href":"https:\/\/agenf.org\/palabras\/index.php\/wp-json\/wp\/v2\/posts\/138\/revisions"}],"predecessor-version":[{"id":156,"href":"https:\/\/agenf.org\/palabras\/index.php\/wp-json\/wp\/v2\/posts\/138\/revisions\/156"}],"wp:featuredmedia":[{"embeddable":true,"href":"https:\/\/agenf.org\/palabras\/index.php\/wp-json\/wp\/v2\/media\/139"}],"wp:attachment":[{"href":"https:\/\/agenf.org\/palabras\/index.php\/wp-json\/wp\/v2\/media?parent=138"}],"wp:term":[{"taxonomy":"category","embeddable":true,"href":"https:\/\/agenf.org\/palabras\/index.php\/wp-json\/wp\/v2\/categories?post=138"},{"taxonomy":"post_tag","embeddable":true,"href":"https:\/\/agenf.org\/palabras\/index.php\/wp-json\/wp\/v2\/tags?post=138"}],"curies":[{"name":"wp","href":"https:\/\/api.w.org\/{rel}","templated":true}]}}