{"id":200,"date":"2022-07-01T02:41:33","date_gmt":"2022-07-01T02:41:33","guid":{"rendered":"http:\/\/agenf.org\/lapalabra\/?p=200"},"modified":"2022-07-08T17:49:14","modified_gmt":"2022-07-08T17:49:14","slug":"langostas-boyacenses","status":"publish","type":"post","link":"https:\/\/agenf.org\/palabras\/index.php\/2022\/07\/01\/langostas-boyacenses\/","title":{"rendered":"Langostas Boyacenses"},"content":{"rendered":"\n<p><em><strong><mark class=\"has-inline-color has-vivid-red-color\">Por: Laura Espitia<\/mark><\/strong><\/em><\/p>\n\n\n\n<p>08\u00a0 de Junio de 2022, se dio la observaci\u00f3n de una langosta en la v\u00eda Alizal &#8211; Paipa &#8211; Sector el Hato cerca al parque Manoa. Un conductor de la Empresa de Transporte de la Gran Colombiana est\u00e1 haciendo la ruta de viaje de la vereda Alizal del municipio de Tuta hacia el municipio de Paipa, trayecto en el cual pudo ver un animal el cual se le hizo extra\u00f1o debido a que nunca hab\u00eda visto uno as\u00ed en esa v\u00eda, sin embargo no tuvo la oportunidad de parar a observar dicho animal, sin embargo pudo ver que tenia unas pinzas parecidas a las de un cangrejo pero este ten\u00eda el cuerpo largo.\u00a0<\/p>\n\n\n\n<p>A los 2 d\u00edas el 10 de Junio de 2022 tuvo la oportunidad de volver a hacer otro viaje hacia el mismo lugar, esta vez iba sin pasajeros lo que le permiti\u00f3 pasar despacio por el lugar y buscarla cuando lleg\u00f3 al sitio la encontr\u00f3 pero ya aplastada, posiblemente la hab\u00edan estrellado varios autom\u00f3viles y\/o motos.<\/p>\n\n\n\n<figure class=\"wp-block-image size-full is-resized\"><img loading=\"lazy\" decoding=\"async\" src=\"http:\/\/agenf.org\/lapalabra\/wp-content\/uploads\/2022\/07\/image.png\" alt=\"\" class=\"wp-image-201\" width=\"784\" height=\"550\" srcset=\"https:\/\/agenf.org\/palabras\/wp-content\/uploads\/2022\/07\/image.png 787w, https:\/\/agenf.org\/palabras\/wp-content\/uploads\/2022\/07\/image-300x210.png 300w, https:\/\/agenf.org\/palabras\/wp-content\/uploads\/2022\/07\/image-768x539.png 768w\" sizes=\"auto, (max-width: 784px) 100vw, 784px\" \/><figcaption>Foto de la langosta encontrada<\/figcaption><\/figure>\n\n\n\n<p>Se tiene conocimiento por parte del Docente de la UPTC Fred Manrique Abril que tambi\u00e9n se ha presentado la observaci\u00f3n de langostas en el municipio de Paipa en los Lagos de enfriamiento de la Termo de Paipa, llegando a ser uno de los platos para los habitantes del sector del lago preparada al ajillo y gratinada con queso paipa.\u00a0<\/p>\n\n\n\n<p>Tanto en Paipa como en el sector de la v\u00eda Alizal &#8211; Paipa se desconoce de su existencia y mucho menos se sabe quien introdujo estas langostas a la zona, las cuales se han adaptado muy bien al agua dulce y al clima de la zona, se podr\u00eda convertir la langosta en un nuevo producto para la alimentaci\u00f3n de los hogares Boyacenses.&nbsp;<\/p>\n","protected":false},"excerpt":{"rendered":"<p>Por: Laura Espitia 08\u00a0 de Junio de 2022, se dio la observaci\u00f3n de una langosta en la v\u00eda Alizal &#8211; Paipa &#8211; Sector el Hato cerca al parque Manoa. Un conductor de la Empresa de Transporte de la Gran Colombiana est\u00e1 haciendo la ruta de viaje de la vereda Alizal del municipio de Tuta hacia [&hellip;]<\/p>\n","protected":false},"author":8,"featured_media":263,"comment_status":"open","ping_status":"open","sticky":false,"template":"","format":"standard","meta":{"_monsterinsights_skip_tracking":false,"_monsterinsights_sitenote_active":false,"_monsterinsights_sitenote_note":"","_monsterinsights_sitenote_category":0,"footnotes":""},"categories":[23],"tags":[],"class_list":["post-200","post","type-post","status-publish","format-standard","has-post-thumbnail","hentry","category-medio-ambiente"],"_links":{"self":[{"href":"https:\/\/agenf.org\/palabras\/index.php\/wp-json\/wp\/v2\/posts\/200","targetHints":{"allow":["GET"]}}],"collection":[{"href":"https:\/\/agenf.org\/palabras\/index.php\/wp-json\/wp\/v2\/posts"}],"about":[{"href":"https:\/\/agenf.org\/palabras\/index.php\/wp-json\/wp\/v2\/types\/post"}],"author":[{"embeddable":true,"href":"https:\/\/agenf.org\/palabras\/index.php\/wp-json\/wp\/v2\/users\/8"}],"replies":[{"embeddable":true,"href":"https:\/\/agenf.org\/palabras\/index.php\/wp-json\/wp\/v2\/comments?post=200"}],"version-history":[{"count":6,"href":"https:\/\/agenf.org\/palabras\/index.php\/wp-json\/wp\/v2\/posts\/200\/revisions"}],"predecessor-version":[{"id":302,"href":"https:\/\/agenf.org\/palabras\/index.php\/wp-json\/wp\/v2\/posts\/200\/revisions\/302"}],"wp:featuredmedia":[{"embeddable":true,"href":"https:\/\/agenf.org\/palabras\/index.php\/wp-json\/wp\/v2\/media\/263"}],"wp:attachment":[{"href":"https:\/\/agenf.org\/palabras\/index.php\/wp-json\/wp\/v2\/media?parent=200"}],"wp:term":[{"taxonomy":"category","embeddable":true,"href":"https:\/\/agenf.org\/palabras\/index.php\/wp-json\/wp\/v2\/categories?post=200"},{"taxonomy":"post_tag","embeddable":true,"href":"https:\/\/agenf.org\/palabras\/index.php\/wp-json\/wp\/v2\/tags?post=200"}],"curies":[{"name":"wp","href":"https:\/\/api.w.org\/{rel}","templated":true}]}}