{"id":203,"date":"2022-07-02T21:32:57","date_gmt":"2022-07-02T21:32:57","guid":{"rendered":"http:\/\/agenf.org\/lapalabra\/?p=203"},"modified":"2022-07-08T23:54:12","modified_gmt":"2022-07-08T23:54:12","slug":"feria-campesina-de-mujeres-en-soata","status":"publish","type":"post","link":"https:\/\/agenf.org\/palabras\/index.php\/2022\/07\/02\/feria-campesina-de-mujeres-en-soata\/","title":{"rendered":"Feria campesina de mujeres en Soat\u00e1."},"content":{"rendered":"\n<p class=\"has-text-align-left\"><\/p>\n\n\n\n<div class=\"wp-block-columns is-layout-flex wp-container-core-columns-is-layout-9d6595d7 wp-block-columns-is-layout-flex\">\n<div class=\"wp-block-column is-layout-flow wp-block-column-is-layout-flow\"><div class=\"wp-block-image\">\n<figure class=\"aligncenter size-large is-resized\"><img loading=\"lazy\" decoding=\"async\" src=\"http:\/\/agenf.org\/lapalabra\/wp-content\/uploads\/2022\/07\/b65418e4-a03f-4b5a-98ea-e0c8451450d3-1024x768.jpg\" alt=\"\" class=\"wp-image-205\" width=\"424\" height=\"318\" srcset=\"https:\/\/agenf.org\/palabras\/wp-content\/uploads\/2022\/07\/b65418e4-a03f-4b5a-98ea-e0c8451450d3-1024x768.jpg 1024w, https:\/\/agenf.org\/palabras\/wp-content\/uploads\/2022\/07\/b65418e4-a03f-4b5a-98ea-e0c8451450d3-300x225.jpg 300w, https:\/\/agenf.org\/palabras\/wp-content\/uploads\/2022\/07\/b65418e4-a03f-4b5a-98ea-e0c8451450d3-768x576.jpg 768w, https:\/\/agenf.org\/palabras\/wp-content\/uploads\/2022\/07\/b65418e4-a03f-4b5a-98ea-e0c8451450d3.jpg 1040w\" sizes=\"auto, (max-width: 424px) 100vw, 424px\" \/><\/figure>\n<\/div><\/div>\n\n\n\n<div class=\"wp-block-column is-layout-flow wp-block-column-is-layout-flow\">\n<p>Por iniciativa de la fundaci\u00f3n de la mujer en conjunto con la secretar\u00eda de agricultura de Soat\u00e1, la secretar\u00eda de salud, el ej\u00e9rcito y polic\u00eda nacional se implement\u00f3 este 02 de julio en el parque Juan Jos\u00e9 Rond\u00f3n la estrategia Boyac\u00e1 alimenta. Donde por medio de la Feria Morada las mujeres campesinas y emprendedoras de la provincia del norte comercializaron diferentes productos entre ellos frutas, verduras, alimentos c\u00e1rnicos, ropa, postres, hierbas, electrodom\u00e9sticos, artesan\u00edas y una gastronom\u00eda t\u00edpica de la regi\u00f3n.<\/p>\n<\/div>\n<\/div>\n\n\n\n<p>El evento fue acompa\u00f1ado por juegos pirot\u00e9cnicos y una tarima donde se present\u00f3 el grupo explosi\u00f3n parrandera, m\u00fasicos entre los 8 y 16 a\u00f1os que con sus instrumentos interpretaron carranga y bambuco, as\u00ed tambi\u00e9n por parte de la polic\u00eda nacional y el ej\u00e9rcito, se encontraba al servicio del p\u00fablico un inflable para los ni\u00f1os y otros soldados que interpretaron el papel de animadores, quienes&nbsp; vestidos de payasos, mimos y otros disfraces jugaron y compartieron con la comunidad infantil por medio de m\u00fasica y rondas.<\/p>\n\n\n\n<div class=\"wp-block-columns is-layout-flex wp-container-core-columns-is-layout-9d6595d7 wp-block-columns-is-layout-flex\">\n<div class=\"wp-block-column is-layout-flow wp-block-column-is-layout-flow\">\n<figure class=\"wp-block-image size-large\"><img loading=\"lazy\" decoding=\"async\" width=\"1024\" height=\"768\" src=\"http:\/\/agenf.org\/lapalabra\/wp-content\/uploads\/2022\/07\/4a1a8a43-d39a-4166-a9d7-d7abac78984c-1-1024x768.jpg\" alt=\"\" class=\"wp-image-209\" srcset=\"https:\/\/agenf.org\/palabras\/wp-content\/uploads\/2022\/07\/4a1a8a43-d39a-4166-a9d7-d7abac78984c-1-1024x768.jpg 1024w, https:\/\/agenf.org\/palabras\/wp-content\/uploads\/2022\/07\/4a1a8a43-d39a-4166-a9d7-d7abac78984c-1-300x225.jpg 300w, https:\/\/agenf.org\/palabras\/wp-content\/uploads\/2022\/07\/4a1a8a43-d39a-4166-a9d7-d7abac78984c-1-768x576.jpg 768w, https:\/\/agenf.org\/palabras\/wp-content\/uploads\/2022\/07\/4a1a8a43-d39a-4166-a9d7-d7abac78984c-1.jpg 1040w\" sizes=\"auto, (max-width: 1024px) 100vw, 1024px\" \/><\/figure>\n<\/div>\n\n\n\n<div class=\"wp-block-column is-layout-flow wp-block-column-is-layout-flow\">\n<figure class=\"wp-block-image size-large\"><img loading=\"lazy\" decoding=\"async\" width=\"780\" height=\"585\" src=\"http:\/\/agenf.org\/lapalabra\/wp-content\/uploads\/2022\/07\/240ee282-a118-4b86-a264-d0008a8fad6d-1-edited.jpg\" alt=\"\" class=\"wp-image-211\" srcset=\"https:\/\/agenf.org\/palabras\/wp-content\/uploads\/2022\/07\/240ee282-a118-4b86-a264-d0008a8fad6d-1-edited.jpg 780w, https:\/\/agenf.org\/palabras\/wp-content\/uploads\/2022\/07\/240ee282-a118-4b86-a264-d0008a8fad6d-1-edited-300x225.jpg 300w, https:\/\/agenf.org\/palabras\/wp-content\/uploads\/2022\/07\/240ee282-a118-4b86-a264-d0008a8fad6d-1-edited-768x576.jpg 768w\" sizes=\"auto, (max-width: 780px) 100vw, 780px\" \/><\/figure>\n<\/div>\n<\/div>\n\n\n\n<div class=\"wp-block-columns is-layout-flex wp-container-core-columns-is-layout-9d6595d7 wp-block-columns-is-layout-flex\">\n<div class=\"wp-block-column is-layout-flow wp-block-column-is-layout-flow\" style=\"flex-basis:100%\">\n<div class=\"wp-block-group\"><div class=\"wp-block-group__inner-container is-layout-flow wp-block-group-is-layout-flow\">\n<p><em>Por: Diana Florez<\/em><\/p>\n<\/div><\/div>\n<\/div>\n<\/div>\n\n\n\n<p><\/p>\n","protected":false},"excerpt":{"rendered":"<p>Por iniciativa de la fundaci\u00f3n de la mujer en conjunto con la secretar\u00eda de agricultura de Soat\u00e1, la secretar\u00eda de salud, el ej\u00e9rcito y polic\u00eda nacional se implement\u00f3 este 02 de julio en el parque Juan Jos\u00e9 Rond\u00f3n la estrategia Boyac\u00e1 alimenta. Donde por medio de la Feria Morada las mujeres campesinas y emprendedoras de [&hellip;]<\/p>\n","protected":false},"author":27,"featured_media":0,"comment_status":"open","ping_status":"open","sticky":false,"template":"","format":"standard","meta":{"_monsterinsights_skip_tracking":false,"_monsterinsights_sitenote_active":false,"_monsterinsights_sitenote_note":"","_monsterinsights_sitenote_category":0,"footnotes":""},"categories":[15,24,25],"tags":[],"class_list":["post-203","post","type-post","status-publish","format-standard","hentry","category-agricultura","category-cultural","category-sociales"],"_links":{"self":[{"href":"https:\/\/agenf.org\/palabras\/index.php\/wp-json\/wp\/v2\/posts\/203","targetHints":{"allow":["GET"]}}],"collection":[{"href":"https:\/\/agenf.org\/palabras\/index.php\/wp-json\/wp\/v2\/posts"}],"about":[{"href":"https:\/\/agenf.org\/palabras\/index.php\/wp-json\/wp\/v2\/types\/post"}],"author":[{"embeddable":true,"href":"https:\/\/agenf.org\/palabras\/index.php\/wp-json\/wp\/v2\/users\/27"}],"replies":[{"embeddable":true,"href":"https:\/\/agenf.org\/palabras\/index.php\/wp-json\/wp\/v2\/comments?post=203"}],"version-history":[{"count":4,"href":"https:\/\/agenf.org\/palabras\/index.php\/wp-json\/wp\/v2\/posts\/203\/revisions"}],"predecessor-version":[{"id":303,"href":"https:\/\/agenf.org\/palabras\/index.php\/wp-json\/wp\/v2\/posts\/203\/revisions\/303"}],"wp:attachment":[{"href":"https:\/\/agenf.org\/palabras\/index.php\/wp-json\/wp\/v2\/media?parent=203"}],"wp:term":[{"taxonomy":"category","embeddable":true,"href":"https:\/\/agenf.org\/palabras\/index.php\/wp-json\/wp\/v2\/categories?post=203"},{"taxonomy":"post_tag","embeddable":true,"href":"https:\/\/agenf.org\/palabras\/index.php\/wp-json\/wp\/v2\/tags?post=203"}],"curies":[{"name":"wp","href":"https:\/\/api.w.org\/{rel}","templated":true}]}}