{"id":213,"date":"2022-07-02T22:05:12","date_gmt":"2022-07-02T22:05:12","guid":{"rendered":"http:\/\/agenf.org\/lapalabra\/?p=213"},"modified":"2022-07-06T19:38:35","modified_gmt":"2022-07-06T19:38:35","slug":"fiestas-de-la-virgen-del-carmen","status":"publish","type":"post","link":"https:\/\/agenf.org\/palabras\/index.php\/2022\/07\/02\/fiestas-de-la-virgen-del-carmen\/","title":{"rendered":"Fiestas de la Virgen del Carmen."},"content":{"rendered":"\n<p><em>Por: <strong>Diana Florez<\/strong><\/em><\/p>\n\n\n\n<p>Este 02 y 03 de Julio se llevar\u00e1 a cabo la fiesta patronal de la virgen del Carmen en el municipio de Soat\u00e1 Boyac\u00e1, donde se tienen planeadas diversas actividades entre ellas la caravana y procesi\u00f3n de veh\u00edculos de carga, que dio inicio a las 12:00 pm desde la parroquia nuestra se\u00f1ora del Carmen en direcci\u00f3n al cementerio central, que como de costumbre, los transportadores llevan arreglos florales a sus compa\u00f1eros fallecidos para luego dirigirse al ancianato San Antonio y dejar algunas ofrendas, dicha procesi\u00f3n culmina nuevamente en la parroquia donde se espera la presentaci\u00f3n de diferentes bandas musicales de la regi\u00f3n.<\/p>\n\n\n<div class=\"wp-block-image\">\n<figure class=\"aligncenter size-large is-resized\"><img loading=\"lazy\" decoding=\"async\" src=\"http:\/\/agenf.org\/lapalabra\/wp-content\/uploads\/2022\/07\/26bafee4-2cb9-47d8-a4ff-757eabdcb1a1-1024x768.jpg\" alt=\"\" class=\"wp-image-214\" width=\"494\" height=\"370\" srcset=\"https:\/\/agenf.org\/palabras\/wp-content\/uploads\/2022\/07\/26bafee4-2cb9-47d8-a4ff-757eabdcb1a1-1024x768.jpg 1024w, https:\/\/agenf.org\/palabras\/wp-content\/uploads\/2022\/07\/26bafee4-2cb9-47d8-a4ff-757eabdcb1a1-300x225.jpg 300w, https:\/\/agenf.org\/palabras\/wp-content\/uploads\/2022\/07\/26bafee4-2cb9-47d8-a4ff-757eabdcb1a1-768x576.jpg 768w, https:\/\/agenf.org\/palabras\/wp-content\/uploads\/2022\/07\/26bafee4-2cb9-47d8-a4ff-757eabdcb1a1.jpg 1152w\" sizes=\"auto, (max-width: 494px) 100vw, 494px\" \/><\/figure>\n<\/div>\n\n\n<p>En horas de la noche del d\u00eda 02 de Julio se espera la celebraci\u00f3n eucar\u00edstica en la catedral la inmaculada concepci\u00f3n de Soat\u00e1, as\u00ed tambi\u00e9n por ser puente festivo se espera la asistencia de varias personas procedentes de Bogot\u00e1, M\u00e1laga, Duitama, Boavita y municipios aleda\u00f1os a la gran verbena popular con artistas invitados y espect\u00e1culo de fuegos artificiales que se llevar\u00e1 a cabo en el parque principal Sim\u00f3n Bol\u00edvar de soata.<\/p>\n\n\n\n<p>La conmemoraci\u00f3n culminar\u00eda el 03 de Julio con la eucarist\u00eda en la parroquia Nuestra Se\u00f1ora del Carmen a las 11:00 am donde se bendecir\u00e1n los veh\u00edculos y motos de los asistentes.<\/p>\n\n\n\n<p><\/p>\n","protected":false},"excerpt":{"rendered":"<p>La conmemoraci\u00f3n culminar\u00eda el 03 de Julio con la eucarist\u00eda en la parroquia Nuestra Se\u00f1ora del Carmen a las 11:00 am donde se bendecir\u00e1n los veh\u00edculos y motos de los asistentes.<\/p>\n","protected":false},"author":27,"featured_media":214,"comment_status":"closed","ping_status":"closed","sticky":false,"template":"","format":"standard","meta":{"_monsterinsights_skip_tracking":false,"_monsterinsights_sitenote_active":false,"_monsterinsights_sitenote_note":"","_monsterinsights_sitenote_category":0,"footnotes":""},"categories":[24],"tags":[],"class_list":["post-213","post","type-post","status-publish","format-standard","has-post-thumbnail","hentry","category-cultural"],"_links":{"self":[{"href":"https:\/\/agenf.org\/palabras\/index.php\/wp-json\/wp\/v2\/posts\/213","targetHints":{"allow":["GET"]}}],"collection":[{"href":"https:\/\/agenf.org\/palabras\/index.php\/wp-json\/wp\/v2\/posts"}],"about":[{"href":"https:\/\/agenf.org\/palabras\/index.php\/wp-json\/wp\/v2\/types\/post"}],"author":[{"embeddable":true,"href":"https:\/\/agenf.org\/palabras\/index.php\/wp-json\/wp\/v2\/users\/27"}],"replies":[{"embeddable":true,"href":"https:\/\/agenf.org\/palabras\/index.php\/wp-json\/wp\/v2\/comments?post=213"}],"version-history":[{"count":3,"href":"https:\/\/agenf.org\/palabras\/index.php\/wp-json\/wp\/v2\/posts\/213\/revisions"}],"predecessor-version":[{"id":261,"href":"https:\/\/agenf.org\/palabras\/index.php\/wp-json\/wp\/v2\/posts\/213\/revisions\/261"}],"wp:featuredmedia":[{"embeddable":true,"href":"https:\/\/agenf.org\/palabras\/index.php\/wp-json\/wp\/v2\/media\/214"}],"wp:attachment":[{"href":"https:\/\/agenf.org\/palabras\/index.php\/wp-json\/wp\/v2\/media?parent=213"}],"wp:term":[{"taxonomy":"category","embeddable":true,"href":"https:\/\/agenf.org\/palabras\/index.php\/wp-json\/wp\/v2\/categories?post=213"},{"taxonomy":"post_tag","embeddable":true,"href":"https:\/\/agenf.org\/palabras\/index.php\/wp-json\/wp\/v2\/tags?post=213"}],"curies":[{"name":"wp","href":"https:\/\/api.w.org\/{rel}","templated":true}]}}