{"id":222,"date":"2022-07-03T21:38:28","date_gmt":"2022-07-03T21:38:28","guid":{"rendered":"http:\/\/agenf.org\/lapalabra\/?p=222"},"modified":"2022-07-03T21:42:07","modified_gmt":"2022-07-03T21:42:07","slug":"el-martirio-de-cientos-de-animales","status":"publish","type":"post","link":"https:\/\/agenf.org\/palabras\/index.php\/2022\/07\/03\/el-martirio-de-cientos-de-animales\/","title":{"rendered":"EL MARTIRIO DE CIENTOS DE ANIMALES"},"content":{"rendered":"<div class=\"wp-block-image\">\n<figure class=\"aligncenter size-full\"><img loading=\"lazy\" decoding=\"async\" width=\"476\" height=\"459\" src=\"http:\/\/agenf.org\/lapalabra\/wp-content\/uploads\/2022\/07\/elefante-.jpg\" alt=\"\" class=\"wp-image-223\" srcset=\"https:\/\/agenf.org\/palabras\/wp-content\/uploads\/2022\/07\/elefante-.jpg 476w, https:\/\/agenf.org\/palabras\/wp-content\/uploads\/2022\/07\/elefante--300x289.jpg 300w\" sizes=\"auto, (max-width: 476px) 100vw, 476px\" \/><\/figure>\n<\/div>\n\n\n<p>Hace unos d\u00edas se hizo tendencia una publicaci\u00f3n en la red social Twitter, donde Adriana Solano, comunicadora social, realiza una denuncia p\u00fablica de las condiciones de maltrato en las que se encuentra el elefante \u201cTantor\u201d del zool\u00f3gico de Barranquilla, ya que en la foto se evidencia que se encuentra en un espacio reducido, sin ning\u00fan refugio, solitario y poca vegetaci\u00f3n.&nbsp;<\/p>\n\n\n<div class=\"wp-block-image\">\n<figure class=\"aligncenter\"><img decoding=\"async\" src=\"https:\/\/lh4.googleusercontent.com\/cYpN2hBND_ynN5bSUoZSTWwaMjOSLwDjhIDRKU_EOtJc9G_yuPI190CJugAcD1EYUfYL54pQVx6PmgeNDar9QBSHkr4QVLzAyYd3ti_mfmnb3UiGNFyUL5wO6jdf6OLtXUV9luyp8hWiJjA34qI\" alt=\"\" \/><\/figure>\n<\/div>\n\n\n<div class=\"wp-block-group alignwide\"><div class=\"wp-block-group__inner-container is-layout-flow wp-block-group-is-layout-flow\">\n<div class=\"wp-block-buttons alignwide is-content-justification-center is-layout-flex wp-container-core-buttons-is-layout-16018d1d wp-block-buttons-is-layout-flex\">\n<div class=\"wp-block-button is-style-fill\"><a class=\"wp-block-button__link\" href=\"https:\/\/twitter.com\/adrianasolano29\/status\/1541582360663265282?ref_src=twsrc%5Etfw%7Ctwcamp%5Etweetembed%7Ctwterm%5E1541582360663265282%7Ctwgr%5E%7Ctwcon%5Es1_&amp;ref_url=https%3A%2F%2Fwww.eltiempo.com%2Fcolombia%2Fbarranquilla%2Fbarranquilla-denuncian-mal-estado-de-elefante-en-zoologico-de-esta-ciudad-683665\" target=\"_blank\" rel=\"noreferrer noopener\"><em>TWIT COMPLETO<\/em><\/a><\/div>\n<\/div>\n<\/div><\/div>\n\n\n\n<p><\/p>\n\n\n\n<p>Aunque las condiciones del elefante causaron revuelo hasta ahora, \u201cTantor\u201d lleva en este zool\u00f3gico m\u00e1s de 26 a\u00f1os, ya que seg\u00fan el sitio, \u00e9ste fue rescatado por los entes encargados de identificar tr\u00e1fico de fauna silvestre y ex\u00f3tica. Incluso, en el 2017 se publicaron varias noticias, donde hac\u00edan alusi\u00f3n al \u00e9xito de&nbsp; una operaci\u00f3n odontol\u00f3gica que se le realiz\u00f3 en el lugar. A\u00fan el zool\u00f3gico no ha respondido a la situaci\u00f3n, pero queda en entredicho si realmente los zool\u00f3gicos rescatan a animales para proporcionarles mejores condiciones o por el contrario prolongan el sufrimiento del animal.<\/p>\n\n\n\n<p>Lo que s\u00ed es claro, es que los zool\u00f3gicos no brindan m\u00e1s all\u00e1 de la admiraci\u00f3n, entretenimiento, e informaci\u00f3n sobre la especie a la que pertenece y las razones por las que est\u00e1 all\u00ed. Estos, deber\u00edan brindar una educaci\u00f3n y hacer acciones realmente ejemplares, que permitan generar una conciencia frente al maltrato animal y la forma en la que se puede denunciar actos de cautiverio, para que la comunidad tambi\u00e9n se haga part\u00edcipe y tome decisiones oportunas, adecuadas y cr\u00edticas cuando se enfrente a una situaci\u00f3n particular.&nbsp;<\/p>\n\n\n\n<p>Finalmente dejo como reflexi\u00f3n, que la acci\u00f3n humana irracional, individualista y poco consciente est\u00e1 generando da\u00f1os irreparables en las especies animales y vegetales, y que al final, si no realizamos alg\u00fan cambio, s\u00f3lo se generar\u00e1n consecuencias negativas para nosotros. Ahora ellos sufren, despu\u00e9s ser\u00e1 nuestro turno.<\/p>\n\n\n\n<p><\/p>\n","protected":false},"excerpt":{"rendered":"<p>Hace unos d\u00edas se hizo tendencia una publicaci\u00f3n en la red social Twitter, donde Adriana Solano, comunicadora social, realiza una denuncia p\u00fablica de las condiciones de maltrato en las que se encuentra el elefante \u201cTantor\u201d del zool\u00f3gico de Barranquilla, ya que en la foto se evidencia que se encuentra en un espacio reducido, sin ning\u00fan [&hellip;]<\/p>\n","protected":false},"author":2,"featured_media":225,"comment_status":"open","ping_status":"open","sticky":false,"template":"","format":"standard","meta":{"_monsterinsights_skip_tracking":false,"_monsterinsights_sitenote_active":false,"_monsterinsights_sitenote_note":"","_monsterinsights_sitenote_category":0,"footnotes":""},"categories":[24,27,23,25],"tags":[],"class_list":["post-222","post","type-post","status-publish","format-standard","has-post-thumbnail","hentry","category-cultural","category-educacion","category-medio-ambiente","category-sociales"],"_links":{"self":[{"href":"https:\/\/agenf.org\/palabras\/index.php\/wp-json\/wp\/v2\/posts\/222","targetHints":{"allow":["GET"]}}],"collection":[{"href":"https:\/\/agenf.org\/palabras\/index.php\/wp-json\/wp\/v2\/posts"}],"about":[{"href":"https:\/\/agenf.org\/palabras\/index.php\/wp-json\/wp\/v2\/types\/post"}],"author":[{"embeddable":true,"href":"https:\/\/agenf.org\/palabras\/index.php\/wp-json\/wp\/v2\/users\/2"}],"replies":[{"embeddable":true,"href":"https:\/\/agenf.org\/palabras\/index.php\/wp-json\/wp\/v2\/comments?post=222"}],"version-history":[{"count":3,"href":"https:\/\/agenf.org\/palabras\/index.php\/wp-json\/wp\/v2\/posts\/222\/revisions"}],"predecessor-version":[{"id":227,"href":"https:\/\/agenf.org\/palabras\/index.php\/wp-json\/wp\/v2\/posts\/222\/revisions\/227"}],"wp:featuredmedia":[{"embeddable":true,"href":"https:\/\/agenf.org\/palabras\/index.php\/wp-json\/wp\/v2\/media\/225"}],"wp:attachment":[{"href":"https:\/\/agenf.org\/palabras\/index.php\/wp-json\/wp\/v2\/media?parent=222"}],"wp:term":[{"taxonomy":"category","embeddable":true,"href":"https:\/\/agenf.org\/palabras\/index.php\/wp-json\/wp\/v2\/categories?post=222"},{"taxonomy":"post_tag","embeddable":true,"href":"https:\/\/agenf.org\/palabras\/index.php\/wp-json\/wp\/v2\/tags?post=222"}],"curies":[{"name":"wp","href":"https:\/\/api.w.org\/{rel}","templated":true}]}}