{"id":232,"date":"2022-07-03T05:03:54","date_gmt":"2022-07-03T05:03:54","guid":{"rendered":"http:\/\/agenf.org\/lapalabra\/?p=232"},"modified":"2022-07-08T02:52:35","modified_gmt":"2022-07-08T02:52:35","slug":"laruanachallenge","status":"publish","type":"post","link":"https:\/\/agenf.org\/palabras\/index.php\/2022\/07\/03\/laruanachallenge\/","title":{"rendered":"#LaRuanaChallenge"},"content":{"rendered":"\n<p><em><strong><mark class=\"has-inline-color has-vivid-red-color\">Por: Laura Espitia<\/mark><\/strong><\/em><\/p>\n\n\n\n<figure class=\"wp-block-image size-full\"><img loading=\"lazy\" decoding=\"async\" width=\"958\" height=\"506\" src=\"http:\/\/agenf.org\/lapalabra\/wp-content\/uploads\/2022\/07\/pasted-image-0-1.png\" alt=\"\" class=\"wp-image-240\" srcset=\"https:\/\/agenf.org\/palabras\/wp-content\/uploads\/2022\/07\/pasted-image-0-1.png 958w, https:\/\/agenf.org\/palabras\/wp-content\/uploads\/2022\/07\/pasted-image-0-1-300x158.png 300w, https:\/\/agenf.org\/palabras\/wp-content\/uploads\/2022\/07\/pasted-image-0-1-768x406.png 768w\" sizes=\"auto, (max-width: 958px) 100vw, 958px\" \/><\/figure>\n\n\n\n<p>Un nuevo reto invade las redes sociales, pero no un reto cualquiera sino un reto que nos recuerda nuestras ra\u00edces campesinas, con el que se conmemora el d\u00eda mundial de la ruana. Movimiento que inici\u00f3 aproximadamente el 24 de junio de 2022 con la conmemoraci\u00f3n del d\u00eda mundial de la ruana en el municipio de Nobsa, este municipio empez\u00f3 a retar a Colombia y el mundo por medio de las redes sociales y emisoras, con el objetivo de despertar el arraigo y sentido de pertenencia por la cultura y las tradiciones. El reto consiste en subir fotos con la ruana puesta a las redes sociales (Facebook, Twitter, Instagram, Whatsapp) con el hashtag #LaRuanaChallenge, las fotos que m\u00e1s me gustas y compartidas tengan, tendr\u00e1n la oportunidad de ganar premios especiales, los cuales se entregar\u00e1n los d\u00edas posteriores a la realizaci\u00f3n del Reto.&nbsp;<\/p>\n\n\n\n<p>Nobsa invita a alistar la ruana y portarla con orgullo desde el 1 hasta el 4 de julio del 2022. Este reto no ha sido solamente asumido por personas de los municipios&nbsp; y ciudades de Colombia como Cu\u00edtiva, Tunja, C\u00f3mbita, e incluso tambi\u00e9n ha sido participe la contralor\u00eda de Boyac\u00e1, la Asamblea de Boyac\u00e1, Acer\u00edas Paz del R\u00edo y la Secretar\u00eda de Turismo de Boyac\u00e1; tambi\u00e9n ha llegado a ser asumido y publicado por personas de diferentes lugares del mundo como Lima Per\u00fa, Holanda, Australia, California, M\u00e9xico, Costa Rica y hasta New York.&nbsp;<\/p>\n\n\n\n<p>Tambi\u00e9n personajes de comedia como la Gorda Fabiola, Polilla, los cuyes y Richard Taylor un hipnotizador hicieron parte del d\u00eda mundial de la ruana e hicieron una invitaci\u00f3n a participar de las diferentes actividades del municipio y a celebrar con orgullo el d\u00eda mundial de la Ruana.&nbsp;<\/p>\n","protected":false},"excerpt":{"rendered":"<p>Por: Laura Espitia Un nuevo reto invade las redes sociales, pero no un reto cualquiera sino un reto que nos recuerda nuestras ra\u00edces campesinas, con el que se conmemora el d\u00eda mundial de la ruana. Movimiento que inici\u00f3 aproximadamente el 24 de junio de 2022 con la conmemoraci\u00f3n del d\u00eda mundial de la ruana en [&hellip;]<\/p>\n","protected":false},"author":8,"featured_media":240,"comment_status":"closed","ping_status":"closed","sticky":false,"template":"","format":"standard","meta":{"_monsterinsights_skip_tracking":false,"_monsterinsights_sitenote_active":false,"_monsterinsights_sitenote_note":"","_monsterinsights_sitenote_category":0,"footnotes":""},"categories":[24],"tags":[],"class_list":["post-232","post","type-post","status-publish","format-standard","has-post-thumbnail","hentry","category-cultural"],"_links":{"self":[{"href":"https:\/\/agenf.org\/palabras\/index.php\/wp-json\/wp\/v2\/posts\/232","targetHints":{"allow":["GET"]}}],"collection":[{"href":"https:\/\/agenf.org\/palabras\/index.php\/wp-json\/wp\/v2\/posts"}],"about":[{"href":"https:\/\/agenf.org\/palabras\/index.php\/wp-json\/wp\/v2\/types\/post"}],"author":[{"embeddable":true,"href":"https:\/\/agenf.org\/palabras\/index.php\/wp-json\/wp\/v2\/users\/8"}],"replies":[{"embeddable":true,"href":"https:\/\/agenf.org\/palabras\/index.php\/wp-json\/wp\/v2\/comments?post=232"}],"version-history":[{"count":6,"href":"https:\/\/agenf.org\/palabras\/index.php\/wp-json\/wp\/v2\/posts\/232\/revisions"}],"predecessor-version":[{"id":260,"href":"https:\/\/agenf.org\/palabras\/index.php\/wp-json\/wp\/v2\/posts\/232\/revisions\/260"}],"wp:featuredmedia":[{"embeddable":true,"href":"https:\/\/agenf.org\/palabras\/index.php\/wp-json\/wp\/v2\/media\/240"}],"wp:attachment":[{"href":"https:\/\/agenf.org\/palabras\/index.php\/wp-json\/wp\/v2\/media?parent=232"}],"wp:term":[{"taxonomy":"category","embeddable":true,"href":"https:\/\/agenf.org\/palabras\/index.php\/wp-json\/wp\/v2\/categories?post=232"},{"taxonomy":"post_tag","embeddable":true,"href":"https:\/\/agenf.org\/palabras\/index.php\/wp-json\/wp\/v2\/tags?post=232"}],"curies":[{"name":"wp","href":"https:\/\/api.w.org\/{rel}","templated":true}]}}