{"id":243,"date":"2022-07-05T01:29:59","date_gmt":"2022-07-05T01:29:59","guid":{"rendered":"http:\/\/agenf.org\/lapalabra\/?p=243"},"modified":"2022-07-09T00:00:50","modified_gmt":"2022-07-09T00:00:50","slug":"como-si-el-tiempo-se-hubiera-detenido","status":"publish","type":"post","link":"https:\/\/agenf.org\/palabras\/index.php\/2022\/07\/05\/como-si-el-tiempo-se-hubiera-detenido\/","title":{"rendered":"Como si el tiempo se hubiera detenido"},"content":{"rendered":"\n<p>Elaborado por: Daniela Daza Estudiante de la UPTC<\/p>\n\n\n\n<p class=\"has-text-align-left has-background\" style=\"background-color:#b4dffa\">En la provincia Guanentina, se encuentra uno de los pueblos m\u00e1s bonitos y emblem\u00e1ticos de Colombia, Barichara, quien se hace conocer como el pueblo que se detuvo en el tiempo, queda a solo 30 minutos de la capital tur\u00edstica de Santander, un kil\u00f3metro antes de llegar, se puede disfrutar del ostentoso paisaje que nos presenta un pueblo al final de la monta\u00f1a, lleno de colores y arquitectura colonial, del mismo modo limita con un abismo que se le denomina mirador el \u201csalto del mico\u201d, un lugar donde toca hacer fila para tomarse una foto, lo bueno es que actualmente acceder al mirador no tiene costo, el sitio carece totalmente de seguridad, solo hay una cuerda, la cual no supera los 10 cm de altura en algunos trayectos, las personas dirigen su mirada al precipicio pero no dimensionan el riesgo.<\/p>\n\n\n\n<figure class=\"wp-block-image size-large is-resized\"><img loading=\"lazy\" decoding=\"async\" src=\"http:\/\/agenf.org\/lapalabra\/wp-content\/uploads\/2022\/07\/WhatsApp-Image-2022-06-27-at-8.09.16-AM-1024x768.jpeg\" alt=\"\" class=\"wp-image-245\" width=\"840\" height=\"630\" srcset=\"https:\/\/agenf.org\/palabras\/wp-content\/uploads\/2022\/07\/WhatsApp-Image-2022-06-27-at-8.09.16-AM-1024x768.jpeg 1024w, https:\/\/agenf.org\/palabras\/wp-content\/uploads\/2022\/07\/WhatsApp-Image-2022-06-27-at-8.09.16-AM-300x225.jpeg 300w, https:\/\/agenf.org\/palabras\/wp-content\/uploads\/2022\/07\/WhatsApp-Image-2022-06-27-at-8.09.16-AM-768x576.jpeg 768w, https:\/\/agenf.org\/palabras\/wp-content\/uploads\/2022\/07\/WhatsApp-Image-2022-06-27-at-8.09.16-AM-1536x1152.jpeg 1536w, https:\/\/agenf.org\/palabras\/wp-content\/uploads\/2022\/07\/WhatsApp-Image-2022-06-27-at-8.09.16-AM.jpeg 1600w\" sizes=\"auto, (max-width: 840px) 100vw, 840px\" \/><figcaption><em>Daza, D. (2022) <\/em>Barichara, Santander<\/figcaption><\/figure>\n\n\n\n<p class=\"has-text-align-left has-background\" style=\"background-color:#b4dffa\">La hoteler\u00eda es muy cl\u00e1sica y emblem\u00e1tica de la riqueza cultural de los&nbsp; \u201cpatiamarillos\u201d, t\u00e9rmino que se le acu\u00f1a a las personas nativas de la regi\u00f3n, derivado de la coloraci\u00f3n amarilla de las tierras que se pega en sus pies, gracias a la connotaci\u00f3n que se le ha venido dando, la concentraci\u00f3n tur\u00edstica est\u00e1 presente todo el tiempo trayendo beneficios econ\u00f3micos a la comunidad.<\/p>\n\n\n\n<p class=\"has-text-align-left has-background\" style=\"background-color:#bfe3fa\">En cuanto al agua se puede decir que es un recurso limitado en esta zona, la energ\u00eda el\u00e9ctrica tiene una particularidad y es que va subterr\u00e1nea, m\u00e9todo que le permite conservar a las casas su estructura antigua, por su parte los locales o negocios en su interior, tienen mezclas de decoraci\u00f3n y estructura, compuestas por un lado de paredes de tapia pisada, techos en teja de barro y  por el otro de pisos con cer\u00e1mica de dise\u00f1os y colores actuales; esto es solo una parte de lo que transmite Barichara, no lo leas, v\u00edvelo.<\/p>\n","protected":false},"excerpt":{"rendered":"<p>En la provincia Guanentina, se encuentra uno de los pueblos m\u00e1s bonitos y emblem\u00e1ticos de Colombia, Barichara, quien se hace conocer como el pueblo que se detuvo en el tiempo, queda a solo 30 minutos de la capital tur\u00edstica de Santander, un kil\u00f3metro antes de llegar, se puede disfrutar del ostentoso paisaje que nos presenta un pueblo al final de la monta\u00f1a, lleno de colores y arquitectura colonial, del mismo modo limita con un abismo que se le denomina mirador el \u201csalto del mico\u201d, un lugar donde toca hacer fila para tomarse una foto, lo bueno es que actualmente acceder al mirador no tiene costo, el sitio carece totalmente de seguridad, solo hay una cuerda, la cual no supera los 10 cm de altura en algunos trayectos, las personas dirigen su mirada al precipicio pero no dimensionan el riesgo.<\/p>\n","protected":false},"author":31,"featured_media":244,"comment_status":"open","ping_status":"open","sticky":false,"template":"","format":"standard","meta":{"_monsterinsights_skip_tracking":false,"_monsterinsights_sitenote_active":false,"_monsterinsights_sitenote_note":"","_monsterinsights_sitenote_category":0,"footnotes":""},"categories":[24],"tags":[],"class_list":["post-243","post","type-post","status-publish","format-standard","has-post-thumbnail","hentry","category-cultural"],"_links":{"self":[{"href":"https:\/\/agenf.org\/palabras\/index.php\/wp-json\/wp\/v2\/posts\/243","targetHints":{"allow":["GET"]}}],"collection":[{"href":"https:\/\/agenf.org\/palabras\/index.php\/wp-json\/wp\/v2\/posts"}],"about":[{"href":"https:\/\/agenf.org\/palabras\/index.php\/wp-json\/wp\/v2\/types\/post"}],"author":[{"embeddable":true,"href":"https:\/\/agenf.org\/palabras\/index.php\/wp-json\/wp\/v2\/users\/31"}],"replies":[{"embeddable":true,"href":"https:\/\/agenf.org\/palabras\/index.php\/wp-json\/wp\/v2\/comments?post=243"}],"version-history":[{"count":2,"href":"https:\/\/agenf.org\/palabras\/index.php\/wp-json\/wp\/v2\/posts\/243\/revisions"}],"predecessor-version":[{"id":259,"href":"https:\/\/agenf.org\/palabras\/index.php\/wp-json\/wp\/v2\/posts\/243\/revisions\/259"}],"wp:featuredmedia":[{"embeddable":true,"href":"https:\/\/agenf.org\/palabras\/index.php\/wp-json\/wp\/v2\/media\/244"}],"wp:attachment":[{"href":"https:\/\/agenf.org\/palabras\/index.php\/wp-json\/wp\/v2\/media?parent=243"}],"wp:term":[{"taxonomy":"category","embeddable":true,"href":"https:\/\/agenf.org\/palabras\/index.php\/wp-json\/wp\/v2\/categories?post=243"},{"taxonomy":"post_tag","embeddable":true,"href":"https:\/\/agenf.org\/palabras\/index.php\/wp-json\/wp\/v2\/tags?post=243"}],"curies":[{"name":"wp","href":"https:\/\/api.w.org\/{rel}","templated":true}]}}