{"id":248,"date":"2022-07-06T02:26:35","date_gmt":"2022-07-06T02:26:35","guid":{"rendered":"http:\/\/agenf.org\/lapalabra\/?p=248"},"modified":"2022-07-29T16:43:22","modified_gmt":"2022-07-29T16:43:22","slug":"turismo-en-la-salina-casanare","status":"publish","type":"post","link":"https:\/\/agenf.org\/palabras\/index.php\/2022\/07\/06\/turismo-en-la-salina-casanare\/","title":{"rendered":"Turismo en La Salina Casanare"},"content":{"rendered":"\n<p>Por: Ernesto Manrique<\/p>\n\n\n\n<p>La Salina, Casanare, municipio enclavado en el piedemonte de la cordillera Oriental, limite de los departamentos de Casanare y Boyac\u00e1, de origen lache, cuyo nombre de debe a la producci\u00f3n de sal, se prepara a efectuar en el mes de noviembre su tradicional festival de deportivo-cultural. El objetivo es la promoci\u00f3n especial del turismo hacia esta regi\u00f3n donde empieza el rio que lleva el nombre del departamento y que pese a su poca poblaci\u00f3n tiene diversos atractivos que generan espacios para la recreaci\u00f3n, meditaci\u00f3n y en especial el encuentro con la naturaleza.\u00a0 Antes de descender a la zona urbana se puede divisar el nevado del Cocuy y el ca\u00f1o del rio Casanare. Este municipio es llamado el \u201cpesebre Casanare\u00f1o\u201d. Ven a visitarlo.<\/p>\n\n\n\n<p><\/p>\n","protected":false},"excerpt":{"rendered":"<p>Por: Ernesto Manrique La Salina, Casanare, municipio enclavado en el piedemonte de la cordillera Oriental, limite de los departamentos de Casanare y Boyac\u00e1, de origen lache, cuyo nombre de debe a la producci\u00f3n de sal, se prepara a efectuar en el mes de noviembre su tradicional festival de deportivo-cultural. El objetivo es la promoci\u00f3n especial [&hellip;]<\/p>\n","protected":false},"author":10,"featured_media":249,"comment_status":"open","ping_status":"open","sticky":false,"template":"","format":"standard","meta":{"_monsterinsights_skip_tracking":false,"_monsterinsights_sitenote_active":false,"_monsterinsights_sitenote_note":"","_monsterinsights_sitenote_category":0,"footnotes":""},"categories":[24],"tags":[],"class_list":["post-248","post","type-post","status-publish","format-standard","has-post-thumbnail","hentry","category-cultural"],"_links":{"self":[{"href":"https:\/\/agenf.org\/palabras\/index.php\/wp-json\/wp\/v2\/posts\/248","targetHints":{"allow":["GET"]}}],"collection":[{"href":"https:\/\/agenf.org\/palabras\/index.php\/wp-json\/wp\/v2\/posts"}],"about":[{"href":"https:\/\/agenf.org\/palabras\/index.php\/wp-json\/wp\/v2\/types\/post"}],"author":[{"embeddable":true,"href":"https:\/\/agenf.org\/palabras\/index.php\/wp-json\/wp\/v2\/users\/10"}],"replies":[{"embeddable":true,"href":"https:\/\/agenf.org\/palabras\/index.php\/wp-json\/wp\/v2\/comments?post=248"}],"version-history":[{"count":3,"href":"https:\/\/agenf.org\/palabras\/index.php\/wp-json\/wp\/v2\/posts\/248\/revisions"}],"predecessor-version":[{"id":391,"href":"https:\/\/agenf.org\/palabras\/index.php\/wp-json\/wp\/v2\/posts\/248\/revisions\/391"}],"wp:featuredmedia":[{"embeddable":true,"href":"https:\/\/agenf.org\/palabras\/index.php\/wp-json\/wp\/v2\/media\/249"}],"wp:attachment":[{"href":"https:\/\/agenf.org\/palabras\/index.php\/wp-json\/wp\/v2\/media?parent=248"}],"wp:term":[{"taxonomy":"category","embeddable":true,"href":"https:\/\/agenf.org\/palabras\/index.php\/wp-json\/wp\/v2\/categories?post=248"},{"taxonomy":"post_tag","embeddable":true,"href":"https:\/\/agenf.org\/palabras\/index.php\/wp-json\/wp\/v2\/tags?post=248"}],"curies":[{"name":"wp","href":"https:\/\/api.w.org\/{rel}","templated":true}]}}