{"id":306,"date":"2022-07-10T17:27:21","date_gmt":"2022-07-10T17:27:21","guid":{"rendered":"http:\/\/agenf.org\/lapalabra\/?p=306"},"modified":"2022-07-10T17:27:21","modified_gmt":"2022-07-10T17:27:21","slug":"todo-lo-que-se-cree-en-redes-sociales","status":"publish","type":"post","link":"https:\/\/agenf.org\/palabras\/index.php\/2022\/07\/10\/todo-lo-que-se-cree-en-redes-sociales\/","title":{"rendered":"TODO LO QUE SE CREE EN REDES SOCIALES"},"content":{"rendered":"\n<p>Por: Monica Alejandra Bernal Cortez<\/p>\n\n\n\n<p>Se ha estado viendo por redes sociales los miles de mensajes que inundan la nube del Internet, donde se est\u00e1 hablando de un fen\u00f3meno que va a tocar a nuestra tierra, el llamado \u201cfen\u00f3meno de Afelio O Aphelion\u201d, conocido como ese fen\u00f3meno donde la tierra se alejara del sol en su punto m\u00e1ximo y esto desencadena temperaturas m\u00e1s fr\u00edas y, por ende, como resultado una avalancha de enfermedades respiratorias a causa de las bajas temperaturas que impactan el cuerpo humano.<\/p>\n\n\n<div class=\"wp-block-image\">\n<figure class=\"alignright size-full\"><img loading=\"lazy\" decoding=\"async\" width=\"299\" height=\"168\" src=\"http:\/\/agenf.org\/lapalabra\/wp-content\/uploads\/2022\/07\/image-5.png\" alt=\"\" class=\"wp-image-310\" \/><\/figure>\n<\/div>\n\n\n<p>Es tal el grado de informaci\u00f3n viral por redes que la gente ya est\u00e1 asustada de los resultados y de si pasar\u00e1 algo como lo ocurrido hace meses con el COVID 19, pues es tanto el temor, que se muestran fotos y videos de aglomeraciones de personas haciendo compras masivas de ropa t\u00e9rmica y dem\u00e1s elementos para preservarse de los \u201cfr\u00edos extremos\u201d que se avecinan, sin embargo, cuando se realiza b\u00fasqueda en portales especializados como la NASA, el fen\u00f3meno de Afelio O Aphelion a diferencia de lo que dice en redes, no ocurri\u00f3 en abril, pero ocurrir\u00e1 en julio, sin embargo, despu\u00e9s de intensos y exhaustivos estudios sobre la tierra y la distancia de esta al sol, el tercer planeta si bien estar\u00e1 un poco m\u00e1s lejos, no es para que impacte de manera negativa sobre el clima del planeta.<\/p>\n\n\n\n<p>Tanta informaci\u00f3n de este tipo que no son debidamente soportadas por investigaciones serias y\/o portales especializados generan significativa afectaci\u00f3n en la salud mental de todos nosotros, que de manera medi\u00e1tica revisamos los portales m\u00e1s comunes, o que compartimos informaci\u00f3n que recibimos de conocidos, sin entrar a verificar la veracidad, esto sumado a la escasa lectura cient\u00edfica que realizamos, nos hace presa f\u00e1cil de la ansiedad y dem\u00e1s trastornos mentales de los que ya habla la OMS est\u00e1n afectando cada vez m\u00e1s a la poblaci\u00f3n en general; no en vano ha llamado la atenci\u00f3n para que se presta mayor atenci\u00f3n al cuidado de la misma ya que son muchos los determinantes que la est\u00e1n afectando, desde las situaciones del d\u00eda a d\u00eda que cada ser humano enfrenta, hasta las situaciones de orden global que por las mismas noticias terminan menoscabando la salud mental de todos.<\/p>\n\n\n\n<p>Ahora bien, llama la atenci\u00f3n el \u00bfporque invertimos tanto tiempo en las redes sociales, si al parecer es mal lo negativo que impacta nuestra salud que el bien mismo que nos hace?, sabemos que las redes sociales son de ayuda y un buen distractor, pero hasta qu\u00e9 punto las usamos de buena manera, si revisamos el uso de estas por edades, es problem\u00e1tico como los adolescentes y j\u00f3venes gastan m\u00e1s de seis horas del d\u00eda en revisar Facebook, Instagram y la ganadora Tik Tok , es problem\u00e1tico que prefieran estar pegados a estas redes que disfrutar de juegos propios, tales como saltar, correr, jugar con una pelota, etc; los adultos invierten menos tiempo por razones de trabajo, sin embargo, revisan en cortos periodos las redes y terminan saturados de informaci\u00f3n que al no revisar en canales cient\u00edficos causan afectaci\u00f3n en su salud mental, como lo que ha pasado con el fen\u00f3meno Afelio O Aphelion.<\/p>\n\n\n\n<p>Esto nos lleva a cuestionarnos sobre h\u00e1bitos e inversi\u00f3n de tiempo en acciones que realmente beneficien no solo nuestra salud mental sino f\u00edsica tambi\u00e9n y por ende estrechar lazos familiares que realmente nos energicen como miembros activos de una sociedad que requiere de personas sanas. &nbsp;<\/p>\n","protected":false},"excerpt":{"rendered":"<p>Por: Monica Alejandra Bernal Cortez Se ha estado viendo por redes sociales los miles de mensajes que inundan la nube del Internet, donde se est\u00e1 hablando de un fen\u00f3meno que va a tocar a nuestra tierra, el llamado \u201cfen\u00f3meno de Afelio O Aphelion\u201d, conocido como ese fen\u00f3meno donde la tierra se alejara del sol en [&hellip;]<\/p>\n","protected":false},"author":20,"featured_media":307,"comment_status":"open","ping_status":"open","sticky":false,"template":"","format":"standard","meta":{"_monsterinsights_skip_tracking":false,"_monsterinsights_sitenote_active":false,"_monsterinsights_sitenote_note":"","_monsterinsights_sitenote_category":0,"footnotes":""},"categories":[25],"tags":[],"class_list":["post-306","post","type-post","status-publish","format-standard","has-post-thumbnail","hentry","category-sociales"],"_links":{"self":[{"href":"https:\/\/agenf.org\/palabras\/index.php\/wp-json\/wp\/v2\/posts\/306","targetHints":{"allow":["GET"]}}],"collection":[{"href":"https:\/\/agenf.org\/palabras\/index.php\/wp-json\/wp\/v2\/posts"}],"about":[{"href":"https:\/\/agenf.org\/palabras\/index.php\/wp-json\/wp\/v2\/types\/post"}],"author":[{"embeddable":true,"href":"https:\/\/agenf.org\/palabras\/index.php\/wp-json\/wp\/v2\/users\/20"}],"replies":[{"embeddable":true,"href":"https:\/\/agenf.org\/palabras\/index.php\/wp-json\/wp\/v2\/comments?post=306"}],"version-history":[{"count":1,"href":"https:\/\/agenf.org\/palabras\/index.php\/wp-json\/wp\/v2\/posts\/306\/revisions"}],"predecessor-version":[{"id":311,"href":"https:\/\/agenf.org\/palabras\/index.php\/wp-json\/wp\/v2\/posts\/306\/revisions\/311"}],"wp:featuredmedia":[{"embeddable":true,"href":"https:\/\/agenf.org\/palabras\/index.php\/wp-json\/wp\/v2\/media\/307"}],"wp:attachment":[{"href":"https:\/\/agenf.org\/palabras\/index.php\/wp-json\/wp\/v2\/media?parent=306"}],"wp:term":[{"taxonomy":"category","embeddable":true,"href":"https:\/\/agenf.org\/palabras\/index.php\/wp-json\/wp\/v2\/categories?post=306"},{"taxonomy":"post_tag","embeddable":true,"href":"https:\/\/agenf.org\/palabras\/index.php\/wp-json\/wp\/v2\/tags?post=306"}],"curies":[{"name":"wp","href":"https:\/\/api.w.org\/{rel}","templated":true}]}}