{"id":312,"date":"2022-07-12T04:25:43","date_gmt":"2022-07-12T04:25:43","guid":{"rendered":"http:\/\/agenf.org\/lapalabra\/?p=312"},"modified":"2022-07-13T05:50:52","modified_gmt":"2022-07-13T05:50:52","slug":"fiestas-de-sogamoso-una-desilusion-para-la-comunidad","status":"publish","type":"post","link":"https:\/\/agenf.org\/palabras\/index.php\/2022\/07\/12\/fiestas-de-sogamoso-una-desilusion-para-la-comunidad\/","title":{"rendered":"Fiestas de Sogamoso, una desilusi\u00f3n para la comunidad."},"content":{"rendered":"\n<div class=\"wp-block-columns is-layout-flex wp-container-core-columns-is-layout-9d6595d7 wp-block-columns-is-layout-flex\">\n<div class=\"wp-block-column is-layout-flow wp-block-column-is-layout-flow\" style=\"flex-basis:33.33%\">\n<figure class=\"wp-block-image size-full is-resized\"><img loading=\"lazy\" decoding=\"async\" src=\"http:\/\/agenf.org\/lapalabra\/wp-content\/uploads\/2022\/07\/ferias-y-fiestas-del-sol-y-del-acero-2022-en-sogamoso-boyaca.jpg\" alt=\"\" class=\"wp-image-313\" width=\"267\" height=\"143\" srcset=\"https:\/\/agenf.org\/palabras\/wp-content\/uploads\/2022\/07\/ferias-y-fiestas-del-sol-y-del-acero-2022-en-sogamoso-boyaca.jpg 665w, https:\/\/agenf.org\/palabras\/wp-content\/uploads\/2022\/07\/ferias-y-fiestas-del-sol-y-del-acero-2022-en-sogamoso-boyaca-300x160.jpg 300w\" sizes=\"auto, (max-width: 267px) 100vw, 267px\" \/><figcaption><em>Nota.<\/em> Alcald\u00eda de Sogamoso.(2022).<\/figcaption><\/figure>\n<\/div>\n\n\n\n<div class=\"wp-block-column is-layout-flow wp-block-column-is-layout-flow\" style=\"flex-basis:66.66%\">\n<p>El festival del sol y del acero <em>\u00a8el sol se viste de tradici\u00f3n\u00a8<\/em> se llevar\u00e1 a cabo desde el 08 hasta el 22 de Julio del 2022, pese a los esfuerzos de la administraci\u00f3n municipal por realizar las festividades luego de dos a\u00f1os de pandemia ,donde si bien se destac\u00f3 que se cancelara la corraleja, luego de la publicaci\u00f3n de la programaci\u00f3n, varios ciudadanos se siente en desacuerdo principalmente los j\u00f3venes quienes critican negativamente las verbenas populares, debido a que varios de los artistas invitados han sido pr\u00e1cticamente los mismos desde los \u00faltimos 5 a\u00f1os y otros no son muy conocidos.<\/p>\n<\/div>\n<\/div>\n\n\n\n<p>Sum\u00e1ndose a esto, se present\u00f3 un descontento por la ubicaci\u00f3n de la tarima principal que en unos inicios se ten\u00eda estipulado para el predio que se encuentra frente a la Universidad de Boyac\u00e1, por medio de redes sociales la comunidad expresaba su preocupaci\u00f3n&nbsp; por las p\u00e9simas condiciones del lote, falta de iluminaci\u00f3n e inseguridad. Sin embargo en las \u00faltimas horas el alcalde Rigoberto P\u00e9rez decide hacer cambios y confirma que la ubicaci\u00f3n de dicha tarima ser\u00e1 en la plaza seis de Septiembre la cual se inaugur\u00f3 este mismo a\u00f1o. \u00c9sta noticia se convirti\u00f3 en un alivio para muchos&nbsp; pero una pesadilla para los residentes cercanos a esta localidad.&nbsp;<\/p>\n\n\n\n<p><em>Por: Diana Florez<\/em>.<\/p>\n","protected":false},"excerpt":{"rendered":"<p>El festival del sol y del acero \u00a8el sol se viste de tradici\u00f3n\u00a8 se llevar\u00e1 a cabo desde el 08 hasta el 22 de Julio del 2022, pese a los esfuerzos de la administraci\u00f3n municipal por realizar las festividades luego de dos a\u00f1os de pandemia ,donde si bien se destac\u00f3 que se cancelara la corraleja, [&hellip;]<\/p>\n","protected":false},"author":27,"featured_media":313,"comment_status":"open","ping_status":"open","sticky":false,"template":"","format":"standard","meta":{"_monsterinsights_skip_tracking":false,"_monsterinsights_sitenote_active":false,"_monsterinsights_sitenote_note":"","_monsterinsights_sitenote_category":0,"footnotes":""},"categories":[24,25],"tags":[],"class_list":["post-312","post","type-post","status-publish","format-standard","has-post-thumbnail","hentry","category-cultural","category-sociales"],"_links":{"self":[{"href":"https:\/\/agenf.org\/palabras\/index.php\/wp-json\/wp\/v2\/posts\/312","targetHints":{"allow":["GET"]}}],"collection":[{"href":"https:\/\/agenf.org\/palabras\/index.php\/wp-json\/wp\/v2\/posts"}],"about":[{"href":"https:\/\/agenf.org\/palabras\/index.php\/wp-json\/wp\/v2\/types\/post"}],"author":[{"embeddable":true,"href":"https:\/\/agenf.org\/palabras\/index.php\/wp-json\/wp\/v2\/users\/27"}],"replies":[{"embeddable":true,"href":"https:\/\/agenf.org\/palabras\/index.php\/wp-json\/wp\/v2\/comments?post=312"}],"version-history":[{"count":2,"href":"https:\/\/agenf.org\/palabras\/index.php\/wp-json\/wp\/v2\/posts\/312\/revisions"}],"predecessor-version":[{"id":321,"href":"https:\/\/agenf.org\/palabras\/index.php\/wp-json\/wp\/v2\/posts\/312\/revisions\/321"}],"wp:featuredmedia":[{"embeddable":true,"href":"https:\/\/agenf.org\/palabras\/index.php\/wp-json\/wp\/v2\/media\/313"}],"wp:attachment":[{"href":"https:\/\/agenf.org\/palabras\/index.php\/wp-json\/wp\/v2\/media?parent=312"}],"wp:term":[{"taxonomy":"category","embeddable":true,"href":"https:\/\/agenf.org\/palabras\/index.php\/wp-json\/wp\/v2\/categories?post=312"},{"taxonomy":"post_tag","embeddable":true,"href":"https:\/\/agenf.org\/palabras\/index.php\/wp-json\/wp\/v2\/tags?post=312"}],"curies":[{"name":"wp","href":"https:\/\/api.w.org\/{rel}","templated":true}]}}