{"id":316,"date":"2022-07-13T05:45:51","date_gmt":"2022-07-13T05:45:51","guid":{"rendered":"http:\/\/agenf.org\/lapalabra\/?p=316"},"modified":"2022-07-13T05:48:24","modified_gmt":"2022-07-13T05:48:24","slug":"reflexiones-vesanicas-de-la-inconsciencia","status":"publish","type":"post","link":"https:\/\/agenf.org\/palabras\/index.php\/2022\/07\/13\/reflexiones-vesanicas-de-la-inconsciencia\/","title":{"rendered":"Reflexiones ves\u00e1nicas de la inconsciencia.\u00a0"},"content":{"rendered":"\n<p>\u00a0<\/p>\n\n\n\n<p>A\u00f1os de contemplacion absoluta en un mundo relativo, me llevaron a una dimensi\u00f3n irestricta con abominaciones mentales cuya naturaleza era insospechada de actos irreales, tal vez un momento para inercia mental hicieron que las neuronas estallaran en exitacion extrema ante las im\u00e1genes inapropiadas nacidas de actos impuros, pero fue m\u00e1s all\u00e1 de un sue\u00f1o desencadenado por ataduras pesadillas, tra\u00eddas del m\u00e1s all\u00e1, que llevaron a la codicia de mis deseos desenfrenados de la existencia. Solo fue un momento de lucidez en la locura estricta con palabras encadenadas por un capricho de un subconsciente atrapado en la cabeza por un loco absurdo lleno de idioteces mundanas acumuladas en a\u00f1os de estudio sobre la vida recorrida en segundos interminables y finitos de existencia.<\/p>\n\n\n\n<p>Ese era yo, sentado en la incoherencia de mis actos vac\u00edos de cualquier credulidad, pero llenos de mentiras que se repet\u00edan y retumbaban en mis o\u00eddos sordos de ser. Ese era yo, un ente sin caricias ni sentimientos un ser que solo existia en un estado inconsciente y vegetal atado a un suelo que no solo te sostiene sino que atrapa cada vez m\u00e1s profunda en las ra\u00edces de esta rutina que nos trae cada minuto quemado y desgastado en el tiempo&#8230;.<\/p>\n","protected":false},"excerpt":{"rendered":"<p>\u00a0 A\u00f1os de contemplacion absoluta en un mundo relativo, me llevaron a una dimensi\u00f3n irestricta con abominaciones mentales cuya naturaleza era insospechada de actos irreales, tal vez un momento para inercia mental hicieron que las neuronas estallaran en exitacion extrema ante las im\u00e1genes inapropiadas nacidas de actos impuros, pero fue m\u00e1s all\u00e1 de un sue\u00f1o [&hellip;]<\/p>\n","protected":false},"author":1,"featured_media":319,"comment_status":"closed","ping_status":"closed","sticky":false,"template":"","format":"standard","meta":{"_monsterinsights_skip_tracking":false,"_monsterinsights_sitenote_active":false,"_monsterinsights_sitenote_note":"","_monsterinsights_sitenote_category":0,"footnotes":""},"categories":[24],"tags":[],"class_list":["post-316","post","type-post","status-publish","format-standard","has-post-thumbnail","hentry","category-cultural"],"_links":{"self":[{"href":"https:\/\/agenf.org\/palabras\/index.php\/wp-json\/wp\/v2\/posts\/316","targetHints":{"allow":["GET"]}}],"collection":[{"href":"https:\/\/agenf.org\/palabras\/index.php\/wp-json\/wp\/v2\/posts"}],"about":[{"href":"https:\/\/agenf.org\/palabras\/index.php\/wp-json\/wp\/v2\/types\/post"}],"author":[{"embeddable":true,"href":"https:\/\/agenf.org\/palabras\/index.php\/wp-json\/wp\/v2\/users\/1"}],"replies":[{"embeddable":true,"href":"https:\/\/agenf.org\/palabras\/index.php\/wp-json\/wp\/v2\/comments?post=316"}],"version-history":[{"count":2,"href":"https:\/\/agenf.org\/palabras\/index.php\/wp-json\/wp\/v2\/posts\/316\/revisions"}],"predecessor-version":[{"id":318,"href":"https:\/\/agenf.org\/palabras\/index.php\/wp-json\/wp\/v2\/posts\/316\/revisions\/318"}],"wp:featuredmedia":[{"embeddable":true,"href":"https:\/\/agenf.org\/palabras\/index.php\/wp-json\/wp\/v2\/media\/319"}],"wp:attachment":[{"href":"https:\/\/agenf.org\/palabras\/index.php\/wp-json\/wp\/v2\/media?parent=316"}],"wp:term":[{"taxonomy":"category","embeddable":true,"href":"https:\/\/agenf.org\/palabras\/index.php\/wp-json\/wp\/v2\/categories?post=316"},{"taxonomy":"post_tag","embeddable":true,"href":"https:\/\/agenf.org\/palabras\/index.php\/wp-json\/wp\/v2\/tags?post=316"}],"curies":[{"name":"wp","href":"https:\/\/api.w.org\/{rel}","templated":true}]}}