{"id":331,"date":"2022-07-15T01:46:30","date_gmt":"2022-07-15T01:46:30","guid":{"rendered":"http:\/\/agenf.org\/lapalabra\/?p=331"},"modified":"2022-07-15T01:46:30","modified_gmt":"2022-07-15T01:46:30","slug":"inauguracion-del-centro-administrativo-municipal-de-tuta","status":"publish","type":"post","link":"https:\/\/agenf.org\/palabras\/index.php\/2022\/07\/15\/inauguracion-del-centro-administrativo-municipal-de-tuta\/","title":{"rendered":"INAUGURACI\u00d3N DEL CENTRO ADMINISTRATIVO MUNICIPAL DE TUTA."},"content":{"rendered":"\n<p>El 01 de Julio del presente a\u00f1o se dio la inauguraci\u00f3n del Centro Administrativo Municipal de Tuta, obra que se inici\u00f3 en la administraci\u00f3n del Ing. Elkin Alejandro Rinc\u00f3n Salamanca a finales del a\u00f1o 2019 con una inversi\u00f3n de $404&#8217;000.000 y la cual finaliz\u00f3 en la administraci\u00f3n del Ing. Yesid Soto Monroy en la cual tambi\u00e9n se tuvo que hacer una inversi\u00f3n de aproximadamente $760\u2019000.000 para poder finalizar la obra p\u00fablica. Para la inauguraci\u00f3n del palacio municipal se cont\u00f3 con la presencia del Ministro del Interior Daniel Palacios Mart\u00ednez el cual lleg\u00f3 al municipio en helic\u00f3ptero cerca de las 2:00pm, donde algunos ciudadanos y funcionarios de la alcald\u00eda pudieron tomarse fotos con el Ministro y los ni\u00f1os con el helic\u00f3ptero. Se traslad\u00f3 al Ministro desde cancha de futbol o m\u00e1s conocido por el municipio como el \u201cCamping\u201d hacia el parque municipal donde se dar\u00eda inicio al programa de inauguraci\u00f3n, tambi\u00e9n se cont\u00f3 con la presencia de funcionarios de la polic\u00eda, cuerpo de bomberos del municipio y el ej\u00e9rcito, viceministro Carlos Mahecha, los alcaldes de municipios de Bel\u00e9n y Ci\u00e9nega,\u00a0 El Gobernador de Boyac\u00e1 Ramiro Barrag\u00e1n y el alcalde del municipio de Tuta el Ing. Yesid Soto Monroy.\u00a0<\/p>\n\n\n\n<figure class=\"wp-block-image size-large is-resized\"><img loading=\"lazy\" decoding=\"async\" src=\"http:\/\/agenf.org\/lapalabra\/wp-content\/uploads\/2022\/07\/image-6-1024x564.png\" alt=\"\" class=\"wp-image-332\" width=\"711\" height=\"391\" srcset=\"https:\/\/agenf.org\/palabras\/wp-content\/uploads\/2022\/07\/image-6-1024x564.png 1024w, https:\/\/agenf.org\/palabras\/wp-content\/uploads\/2022\/07\/image-6-300x165.png 300w, https:\/\/agenf.org\/palabras\/wp-content\/uploads\/2022\/07\/image-6-768x423.png 768w, https:\/\/agenf.org\/palabras\/wp-content\/uploads\/2022\/07\/image-6.png 1080w\" sizes=\"auto, (max-width: 711px) 100vw, 711px\" \/><figcaption><em>Llegada del Ministro del Interior<\/em><\/figcaption><\/figure>\n\n\n\n<p>Se dio entrega por parte del Ministro del Interior de veh\u00edculo cisterna y veh\u00edculo de apoyo para el cuerpo de bomberos de los municipios de Bel\u00e9n y Ci\u00e9nega, entrega de 40 motocicletas para la entidad del sector p\u00fablico de la Polic\u00eda Nacional de Tunja, Sogamoso, Duitama, Chiquinquir\u00e1 y Paipa.\u00a0<\/p>\n\n\n\n<p>Se present\u00f3 un baile por parte de la escuela de danzas \u201cTutazua\u201d, tambi\u00e9n se dio entrega de cheques simb\u00f3licos de 44 proyectos para Boyac\u00e1, entre estos est\u00e1n comunidades afrodescendientes, juntas de acci\u00f3n comunal de 9 categor\u00edas entre estas la construcci\u00f3n de placa huella en diferentes municipios, y 8 categor\u00edas de proyectos para mujeres y dotaci\u00f3n de salones comunales los cuales tendr\u00e1n una inversi\u00f3n de $878\u2019000.000.\u00a0\u00a0<\/p>\n\n\n\n<figure class=\"wp-block-image size-large is-resized is-style-default\"><img loading=\"lazy\" decoding=\"async\" src=\"http:\/\/agenf.org\/lapalabra\/wp-content\/uploads\/2022\/07\/image-8-1024x768.png\" alt=\"\" class=\"wp-image-334\" width=\"600\" height=\"450\" srcset=\"https:\/\/agenf.org\/palabras\/wp-content\/uploads\/2022\/07\/image-8-1024x768.png 1024w, https:\/\/agenf.org\/palabras\/wp-content\/uploads\/2022\/07\/image-8-300x225.png 300w, https:\/\/agenf.org\/palabras\/wp-content\/uploads\/2022\/07\/image-8-768x576.png 768w, https:\/\/agenf.org\/palabras\/wp-content\/uploads\/2022\/07\/image-8-1536x1152.png 1536w, https:\/\/agenf.org\/palabras\/wp-content\/uploads\/2022\/07\/image-8.png 1600w\" sizes=\"auto, (max-width: 600px) 100vw, 600px\" \/><figcaption><em>Dia de la Inauguraci\u00f3n del Centro Administrativo del Municipio de Tuta <\/em><\/figcaption><\/figure>\n\n\n\n<p>El Alcalde del municipio de Tuta hizo entrega de recuerdos del municipio al Ministro y el Gobernador de Boyac\u00e1 reto al Ministro a cumplir el reto de #LaRuanaChallenge el cual lo cumpli\u00f3 en medio del evento con una ruana proporcionada por el municipio de Tuta.&nbsp;<\/p>\n\n\n\n<p>No se cont\u00f3 con la presencia del promotor del proyecto del palacio municipal de Tuta el Ing. Elkin Alejandro Rincon Salamanca, sin embargo se le otorg\u00f3 un reconocimiento por su gesti\u00f3n que contribuy\u00f3 al desarrollo del centro administrativo municipal, el cual lo recibi\u00f3 el Gobernador de Boyac\u00e1.&nbsp;<\/p>\n\n\n\n<p>Por \u00faltimo el alcalde de Tuta, el Ministro del Interior y el Gobernador de Boyac\u00e1 dieron apertura al palacio municipal, finalizando as\u00ed esta inauguraci\u00f3n.<\/p>\n\n\n\n<figure class=\"wp-block-image size-large is-resized\"><img loading=\"lazy\" decoding=\"async\" src=\"http:\/\/agenf.org\/lapalabra\/wp-content\/uploads\/2022\/07\/image-9-1024x570.png\" alt=\"\" class=\"wp-image-335\" width=\"631\" height=\"351\" srcset=\"https:\/\/agenf.org\/palabras\/wp-content\/uploads\/2022\/07\/image-9-1024x570.png 1024w, https:\/\/agenf.org\/palabras\/wp-content\/uploads\/2022\/07\/image-9-300x167.png 300w, https:\/\/agenf.org\/palabras\/wp-content\/uploads\/2022\/07\/image-9-768x427.png 768w, https:\/\/agenf.org\/palabras\/wp-content\/uploads\/2022\/07\/image-9.png 1080w\" sizes=\"auto, (max-width: 631px) 100vw, 631px\" \/><\/figure>\n","protected":false},"excerpt":{"rendered":"<p>El 01 de Julio del presente a\u00f1o se dio la inauguraci\u00f3n del Centro Administrativo Municipal de Tuta, obra que se inici\u00f3 en la administraci\u00f3n del Ing. Elkin Alejandro Rinc\u00f3n Salamanca a finales del a\u00f1o 2019 con una inversi\u00f3n de $404&#8217;000.000 y la cual finaliz\u00f3 en la administraci\u00f3n del Ing. Yesid Soto Monroy en la cual [&hellip;]<\/p>\n","protected":false},"author":8,"featured_media":336,"comment_status":"open","ping_status":"open","sticky":false,"template":"","format":"standard","meta":{"_monsterinsights_skip_tracking":false,"_monsterinsights_sitenote_active":false,"_monsterinsights_sitenote_note":"","_monsterinsights_sitenote_category":0,"footnotes":""},"categories":[25],"tags":[],"class_list":["post-331","post","type-post","status-publish","format-standard","has-post-thumbnail","hentry","category-sociales"],"_links":{"self":[{"href":"https:\/\/agenf.org\/palabras\/index.php\/wp-json\/wp\/v2\/posts\/331","targetHints":{"allow":["GET"]}}],"collection":[{"href":"https:\/\/agenf.org\/palabras\/index.php\/wp-json\/wp\/v2\/posts"}],"about":[{"href":"https:\/\/agenf.org\/palabras\/index.php\/wp-json\/wp\/v2\/types\/post"}],"author":[{"embeddable":true,"href":"https:\/\/agenf.org\/palabras\/index.php\/wp-json\/wp\/v2\/users\/8"}],"replies":[{"embeddable":true,"href":"https:\/\/agenf.org\/palabras\/index.php\/wp-json\/wp\/v2\/comments?post=331"}],"version-history":[{"count":1,"href":"https:\/\/agenf.org\/palabras\/index.php\/wp-json\/wp\/v2\/posts\/331\/revisions"}],"predecessor-version":[{"id":337,"href":"https:\/\/agenf.org\/palabras\/index.php\/wp-json\/wp\/v2\/posts\/331\/revisions\/337"}],"wp:featuredmedia":[{"embeddable":true,"href":"https:\/\/agenf.org\/palabras\/index.php\/wp-json\/wp\/v2\/media\/336"}],"wp:attachment":[{"href":"https:\/\/agenf.org\/palabras\/index.php\/wp-json\/wp\/v2\/media?parent=331"}],"wp:term":[{"taxonomy":"category","embeddable":true,"href":"https:\/\/agenf.org\/palabras\/index.php\/wp-json\/wp\/v2\/categories?post=331"},{"taxonomy":"post_tag","embeddable":true,"href":"https:\/\/agenf.org\/palabras\/index.php\/wp-json\/wp\/v2\/tags?post=331"}],"curies":[{"name":"wp","href":"https:\/\/api.w.org\/{rel}","templated":true}]}}