{"id":339,"date":"2022-07-17T20:49:43","date_gmt":"2022-07-17T20:49:43","guid":{"rendered":"http:\/\/agenf.org\/lapalabra\/?p=339"},"modified":"2022-07-17T21:03:37","modified_gmt":"2022-07-17T21:03:37","slug":"en-sintonia-con-el-mundo-el-interesante-concepto-de-las-frecuencias-solfeggio","status":"publish","type":"post","link":"https:\/\/agenf.org\/palabras\/index.php\/2022\/07\/17\/en-sintonia-con-el-mundo-el-interesante-concepto-de-las-frecuencias-solfeggio\/","title":{"rendered":"En sinton\u00eda con el mundo: El interesante concepto de las Frecuencias Solfeggio"},"content":{"rendered":"\n<p><em>\u00bfAlguna vez hab\u00edas escuchado algo sobre las frecuencias Solfeggio? \u00bfPuedes relacionar esto con algo que conozcas?<\/em><\/p>\n\n\n\n<p>Bueno, para iniciar a hablar de este tema, se hace necesario recurrir a la etimolog\u00eda de la palabra,&nbsp; <em>\u00abSolfeggio\u00bb <\/em>es un t\u00e9rmino que nace del <strong>\u00ab<em>Solfeo\u00bb<\/em><\/strong><em> <\/em>proveniente de <em>solf\u00e8ge<\/em> (franc\u00e9s) y <em>solfeggieto<\/em> (italiano), derivados ambos de los nombres de dos de las notas utilizadas: <em>sol<\/em> y <em>fa<\/em>. Solfeo es un m\u00e9todo de entrenamiento musical utilizado para ense\u00f1ar entonaci\u00f3n con la voz durante la lectura de una partitura, incorporando aspectos de melod\u00eda, ritmo, m\u00e9trica, comp\u00e1s y otros.<\/p>\n\n\n\n<figure class=\"wp-block-gallery has-nested-images columns-default is-cropped wp-block-gallery-1 is-layout-flex wp-block-gallery-is-layout-flex\">\n<figure class=\"wp-block-image size-large\"><img loading=\"lazy\" decoding=\"async\" width=\"1024\" height=\"256\" data-id=\"354\" src=\"http:\/\/agenf.org\/lapalabra\/wp-content\/uploads\/2022\/07\/Diseno-sin-titulo-4-1024x256.png\" alt=\"\" class=\"wp-image-354\" srcset=\"https:\/\/agenf.org\/palabras\/wp-content\/uploads\/2022\/07\/Diseno-sin-titulo-4-1024x256.png 1024w, https:\/\/agenf.org\/palabras\/wp-content\/uploads\/2022\/07\/Diseno-sin-titulo-4-300x75.png 300w, https:\/\/agenf.org\/palabras\/wp-content\/uploads\/2022\/07\/Diseno-sin-titulo-4-768x192.png 768w, https:\/\/agenf.org\/palabras\/wp-content\/uploads\/2022\/07\/Diseno-sin-titulo-4-1536x384.png 1536w, https:\/\/agenf.org\/palabras\/wp-content\/uploads\/2022\/07\/Diseno-sin-titulo-4.png 1920w\" sizes=\"auto, (max-width: 1024px) 100vw, 1024px\" \/><\/figure>\n<\/figure>\n\n\n\n<p>La historia de estas frecuencias se remonta a la antig\u00fcedad y radican en el cristianismo occidental y los cultos orientales, se encontraban inmersas en los cantos gregorianos y los c\u00e1nticos en s\u00e1nscrito. Tiempo despu\u00e9s, en la d\u00e9cada de los 70 el m\u00e9dico <strong>Joseph Puleo<\/strong> re descubri\u00f3 estas frecuencias y recuper\u00f3 sus beneficios. M\u00e1s adelante el Bioqu\u00edmico<strong> Glen Rein <\/strong>confirm\u00f3 la visi\u00f3n&nbsp; de las tradiciones espirituales antiguas al realizar un experimento que permiti\u00f3 evidenciar el impacto de diferentes tipos de m\u00fasica sobre la capacidad de absorci\u00f3n de luz UV del&nbsp; ADN&nbsp; humano. Desde este punto la comunidad cient\u00edfica empez\u00f3 a vincular el tipo de m\u00fasica y las respuestas fisiol\u00f3gicas del cuerpo.<\/p>\n\n\n\n<figure class=\"wp-block-image size-large\"><img loading=\"lazy\" decoding=\"async\" width=\"1024\" height=\"256\" src=\"http:\/\/agenf.org\/lapalabra\/wp-content\/uploads\/2022\/07\/Diseno-sin-titulo-1-1024x256.png\" alt=\"\" class=\"wp-image-342\" srcset=\"https:\/\/agenf.org\/palabras\/wp-content\/uploads\/2022\/07\/Diseno-sin-titulo-1-1024x256.png 1024w, https:\/\/agenf.org\/palabras\/wp-content\/uploads\/2022\/07\/Diseno-sin-titulo-1-300x75.png 300w, https:\/\/agenf.org\/palabras\/wp-content\/uploads\/2022\/07\/Diseno-sin-titulo-1-768x192.png 768w, https:\/\/agenf.org\/palabras\/wp-content\/uploads\/2022\/07\/Diseno-sin-titulo-1-1536x384.png 1536w, https:\/\/agenf.org\/palabras\/wp-content\/uploads\/2022\/07\/Diseno-sin-titulo-1.png 1920w\" sizes=\"auto, (max-width: 1024px) 100vw, 1024px\" \/><figcaption><sup><em>Joseph Puleo y Glen Rein <\/em><\/sup><\/figcaption><\/figure>\n\n\n\n<p>Las investigaciones han demostrado que las frecuencias Solfeggio generan efectos a nivel f\u00edsico, mental y emocional, lo que ha contribuido de manera directa en la immplementaci\u00f3n de la musicoterapia como un m\u00e9todo de ayuda terap\u00e9utica. Siendo as\u00ed <em>\u00bfQu\u00e9 es lo que hace a las frecuencias solfeggio tan especiales? <\/em>Para dar respuesta a esto debemos hablar de la<strong> resonancia Schumann<\/strong>, llamada as\u00ed por el apellido del f\u00edsico quien document\u00f3 por primera vez en forma matem\u00e1tica las frecuencias producto de las resonancias electromagn\u00e9ticas de la superficie terrestre y de la atm\u00f3sfera que se originan en las descargas de los rayos; este f\u00edsico alem\u00e1n determin\u00f3 que la frecuencia grave entre 7,86 y 8 Hz era esencial en el latido de la tierra.&nbsp;<\/p>\n\n\n\n<div class=\"wp-block-media-text alignwide is-stacked-on-mobile\"><figure class=\"wp-block-media-text__media\"><img loading=\"lazy\" decoding=\"async\" width=\"1024\" height=\"693\" src=\"http:\/\/agenf.org\/lapalabra\/wp-content\/uploads\/2022\/07\/frecuencias-1024x693.jpg\" alt=\"\" class=\"wp-image-344 size-full\" srcset=\"https:\/\/agenf.org\/palabras\/wp-content\/uploads\/2022\/07\/frecuencias-1024x693.jpg 1024w, https:\/\/agenf.org\/palabras\/wp-content\/uploads\/2022\/07\/frecuencias-300x203.jpg 300w, https:\/\/agenf.org\/palabras\/wp-content\/uploads\/2022\/07\/frecuencias-768x520.jpg 768w, https:\/\/agenf.org\/palabras\/wp-content\/uploads\/2022\/07\/frecuencias.jpg 1371w\" sizes=\"auto, (max-width: 1024px) 100vw, 1024px\" \/><\/figure><div class=\"wp-block-media-text__content\">\n<p>M\u00e1s adelante Herbert Koing decidi\u00f3 estudiar la conexi\u00f3n entre las resonancias Schuman comparando registros de electroencefalogramas (EEG) con los campos electromagn\u00e9ticos terrestres, descubriendo as\u00ed que estas coincid\u00edan en distintos niveles con las ondas cerebrales, exactamente en las ondas: delta, theta, alfa, beta y gamma, las cuales se producen de forma natural durante las actividades diarias.&nbsp;Es por esto que las frecuencias solfeggio brindan beneficios m\u00e1s profundos que inciden en la mejora del estado de la salud, pues resuenan en armon\u00eda con la resonancia Schumann de 8 Hz, misma raz\u00f3n por la que la m\u00fasica deriva sus frecuencias desde los 8 Hz y ascienden octava por octava en la escala musical hasta que la nota <em>do<\/em> vibra en la frecuencia de 256 Hz.<\/p>\n<\/div><\/div>\n\n\n\n<h2 class=\"wp-block-heading\">Conozcamos un poco m\u00e1s sobre los beneficios de algunas de las frecuencias Solfeggio:<\/h2>\n\n\n<div class=\"wp-block-image\">\n<figure class=\"aligncenter size-large is-resized\"><img loading=\"lazy\" decoding=\"async\" src=\"http:\/\/agenf.org\/lapalabra\/wp-content\/uploads\/2022\/07\/Diseno-sin-titulo-2-2-1024x1024.png\" alt=\"\" class=\"wp-image-347\" width=\"202\" height=\"202\" srcset=\"https:\/\/agenf.org\/palabras\/wp-content\/uploads\/2022\/07\/Diseno-sin-titulo-2-2-1024x1024.png 1024w, https:\/\/agenf.org\/palabras\/wp-content\/uploads\/2022\/07\/Diseno-sin-titulo-2-2-300x300.png 300w, https:\/\/agenf.org\/palabras\/wp-content\/uploads\/2022\/07\/Diseno-sin-titulo-2-2-150x150.png 150w, https:\/\/agenf.org\/palabras\/wp-content\/uploads\/2022\/07\/Diseno-sin-titulo-2-2-768x768.png 768w, https:\/\/agenf.org\/palabras\/wp-content\/uploads\/2022\/07\/Diseno-sin-titulo-2-2-1536x1536.png 1536w, https:\/\/agenf.org\/palabras\/wp-content\/uploads\/2022\/07\/Diseno-sin-titulo-2-2.png 1620w\" sizes=\"auto, (max-width: 202px) 100vw, 202px\" \/><\/figure>\n<\/div>\n\n\n<p>Las frecuencias Solfeggio son seis tonos detectables que recuperan el equilibrio del cuerpo y ayudan en la sanaci\u00f3n, son tonos espec\u00edficos que mejoran y fomentan varios aspectos de la salud f\u00edsica y mental, dentro de estos encontramos las frecuencias de:<\/p>\n\n\n\n<ul class=\"wp-block-list\"><li>396 Hz:<\/li><\/ul>\n\n\n\n<p>La m\u00fasica entonada en esta frecuencia ayuda a eliminar miedos, preocupaciones, sensaciones de culpa y creencias negativas subconscientes que bloquean el avance en la consecuci\u00f3n de logros personales.&nbsp;Permiten tener un mejor \u00e1nimo, mayor seguridad y dedicar energ\u00eda&nbsp; a los proyectos y los sue\u00f1os.&nbsp;<\/p>\n\n\n\n<ul class=\"wp-block-list\"><li>432 Hz:<\/li><\/ul>\n\n\n\n<p>Esta frecuencia genera efectos relajantes, produce una sensaci\u00f3n de paz y bienestar.&nbsp; Se recomienda utilizarla en sesiones de yoga, ejercicio suave, meditaci\u00f3n o sue\u00f1o.&nbsp;<\/p>\n\n\n\n<ul class=\"wp-block-list\"><li>741 Hz:<\/li><\/ul>\n\n\n\n<p>Esta m\u00fasica ayuda en la resoluci\u00f3n de conflictos, la purificaci\u00f3n del cuerpo y la expresi\u00f3n personal.&nbsp; Se recomienda para adoptar un estilo de vida m\u00e1s simple y puro, expresando pensamientos mediante la creatividad y el tacto.&nbsp;<\/p>\n\n\n\n<ul class=\"wp-block-list\"><li>528 Hz:<\/li><\/ul>\n\n\n\n<p>Conocida como \u201cfrecuencia del amor\u201d o \u201cfrecuencia milagrosa\u201d, pues tiene la capacidad de contribuir en la regeneraci\u00f3n del ADN; los 528Hz tienen la capacidad de curar y reparar el cuerpo; estudios han demostrado que reduce de manera significativa los niveles de estr\u00e9s en el sistema endocrino y tambi\u00e9n nervioso, adem\u00e1s de que aumenta la vitalidad celular en un 20%.<\/p>\n\n\n\n<p>A continuaci\u00f3n podr\u00e1 escuchar la frecuencia de 528 Hz:<\/p>\n\n\n\n<figure class=\"wp-block-audio\"><audio controls src=\"http:\/\/agenf.org\/lapalabra\/wp-content\/uploads\/2022\/07\/y2mate.com-528-Hz-Singing-bowl-sound-meditation-with-an-antique-Himalayan-Mani-bowl-33-minutes.mp3\"><\/audio><\/figure>\n\n\n\n<p>Normalmente las solas frecuencias no suelen ser sonidos tolerables por mucho tiempo, por lo que se opta por mezclar las mismas con otro tipo de m\u00fasica como: sonidos de ASMR, melod\u00edas relajantes, instrumentos ac\u00fasticos, m\u00fasica b\u00e1ltica,celta, entre otros.<\/p>\n\n\n\n<figure class=\"wp-block-embed aligncenter is-type-video is-provider-youtube wp-block-embed-youtube wp-embed-aspect-16-9 wp-has-aspect-ratio\"><div class=\"wp-block-embed__wrapper\">\n<iframe loading=\"lazy\" title=\"528Hz | Regeneraci\u00f3n completa del cuerpo - Curaci\u00f3n completa del cuerpo - Cura F\u00edsica y Emocional\" width=\"640\" height=\"360\" src=\"https:\/\/www.youtube.com\/embed\/AisJ-2ku5Do?start=25&#038;feature=oembed\" frameborder=\"0\" allow=\"accelerometer; autoplay; clipboard-write; encrypted-media; gyroscope; picture-in-picture; web-share\" referrerpolicy=\"strict-origin-when-cross-origin\" allowfullscreen><\/iframe>\n<\/div><figcaption><em><sup>Frecuencia 528Hz <\/sup><\/em><\/figcaption><\/figure>\n\n\n\n<p>En el siguiente link,<em> Portal 5900 &#8211; Simplifica tu vida<\/em>, usted podr\u00e1 encontrar un listado de las frecuencias solfeggio, cada una con hiperv\u00ednculo directo a una melod\u00eda que le permite exponer mente y cuerpo a vibraciones que producen bienestar al inducir el equilibrio del cuerpo con el universo. <\/p>\n\n\n\n<figure class=\"wp-block-embed aligncenter is-type-wp-embed is-provider-portal-5900-villa-maria wp-block-embed-portal-5900-villa-maria\"><div class=\"wp-block-embed__wrapper\">\n<blockquote class=\"wp-embedded-content\" data-secret=\"UDgGbasnqt\"><a href=\"https:\/\/5900.com.ar\/paz\/\">Frecuencias Solfeggio<\/a><\/blockquote><iframe loading=\"lazy\" class=\"wp-embedded-content\" sandbox=\"allow-scripts\" security=\"restricted\" style=\"position: absolute; visibility: hidden;\" title=\"&#8220;Frecuencias Solfeggio&#8221; &#8212; Portal 5900 Villa Mar\u00eda\" src=\"https:\/\/5900.com.ar\/paz\/embed\/#?secret=HlAlR6U2Ig#?secret=UDgGbasnqt\" data-secret=\"UDgGbasnqt\" width=\"600\" height=\"338\" frameborder=\"0\" marginwidth=\"0\" marginheight=\"0\" scrolling=\"no\"><\/iframe>\n<\/div><\/figure>\n","protected":false},"excerpt":{"rendered":"<p>\u00bfAlguna vez hab\u00edas escuchado algo sobre las frecuencias Solfeggio? \u00bfPuedes relacionar esto con algo que conozcas? Bueno, para iniciar a hablar de este tema, se hace necesario recurrir a la etimolog\u00eda de la palabra,&nbsp; \u00abSolfeggio\u00bb es un t\u00e9rmino que nace del \u00abSolfeo\u00bb proveniente de solf\u00e8ge (franc\u00e9s) y solfeggieto (italiano), derivados ambos de los nombres de [&hellip;]<\/p>\n","protected":false},"author":25,"featured_media":356,"comment_status":"open","ping_status":"open","sticky":false,"template":"","format":"standard","meta":{"_monsterinsights_skip_tracking":false,"_monsterinsights_sitenote_active":false,"_monsterinsights_sitenote_note":"","_monsterinsights_sitenote_category":0,"footnotes":""},"categories":[25],"tags":[33,34,32],"class_list":["post-339","post","type-post","status-publish","format-standard","has-post-thumbnail","hentry","category-sociales","tag-cultura","tag-musicoterapia","tag-salud"],"_links":{"self":[{"href":"https:\/\/agenf.org\/palabras\/index.php\/wp-json\/wp\/v2\/posts\/339","targetHints":{"allow":["GET"]}}],"collection":[{"href":"https:\/\/agenf.org\/palabras\/index.php\/wp-json\/wp\/v2\/posts"}],"about":[{"href":"https:\/\/agenf.org\/palabras\/index.php\/wp-json\/wp\/v2\/types\/post"}],"author":[{"embeddable":true,"href":"https:\/\/agenf.org\/palabras\/index.php\/wp-json\/wp\/v2\/users\/25"}],"replies":[{"embeddable":true,"href":"https:\/\/agenf.org\/palabras\/index.php\/wp-json\/wp\/v2\/comments?post=339"}],"version-history":[{"count":7,"href":"https:\/\/agenf.org\/palabras\/index.php\/wp-json\/wp\/v2\/posts\/339\/revisions"}],"predecessor-version":[{"id":351,"href":"https:\/\/agenf.org\/palabras\/index.php\/wp-json\/wp\/v2\/posts\/339\/revisions\/351"}],"wp:featuredmedia":[{"embeddable":true,"href":"https:\/\/agenf.org\/palabras\/index.php\/wp-json\/wp\/v2\/media\/356"}],"wp:attachment":[{"href":"https:\/\/agenf.org\/palabras\/index.php\/wp-json\/wp\/v2\/media?parent=339"}],"wp:term":[{"taxonomy":"category","embeddable":true,"href":"https:\/\/agenf.org\/palabras\/index.php\/wp-json\/wp\/v2\/categories?post=339"},{"taxonomy":"post_tag","embeddable":true,"href":"https:\/\/agenf.org\/palabras\/index.php\/wp-json\/wp\/v2\/tags?post=339"}],"curies":[{"name":"wp","href":"https:\/\/api.w.org\/{rel}","templated":true}]}}