{"id":38,"date":"2022-06-20T18:29:58","date_gmt":"2022-06-20T18:29:58","guid":{"rendered":"http:\/\/agenf.org\/lapalabra\/?p=38"},"modified":"2022-06-27T06:44:45","modified_gmt":"2022-06-27T06:44:45","slug":"la-democracia-tutense","status":"publish","type":"post","link":"https:\/\/agenf.org\/palabras\/index.php\/2022\/06\/20\/la-democracia-tutense\/","title":{"rendered":"La Democracia Tutense"},"content":{"rendered":"\n<p><strong><em>Por: Laura Espitia<\/em><\/strong> <\/p>\n\n\n\n<p>Finalmente se llego el d\u00eda, el d\u00eda tan anhelado por muchos colombianos y para los dem\u00e1s un dia com\u00fan y corriente, el d\u00eda de las votaciones, dia en el que se decidir\u00e1 el rumbo del pa\u00eds por medio de la tan promulgada \u201cdemocracia\u201d, democracia que creemos que todav\u00eda poseemos cuando por detr\u00e1s de las cortinas, esta \u201cdemocracia\u201d se mueve con dinero, influencias y politiqueros que con solo una transferencia compran mas de 200 votos o a veces ni ofrecen dinero sino que siembran miedo para que nadie se niegue a la orden por temor a contradecir al l\u00edder. Tuta un\u00a0 municipio de tan solo 9,580 habitantes donde se vio evidenciada una disputa entre ellos mismos por los candidatos pol\u00edticos, sin embargo solo se mencionan 2 candidatos Rodolfo y Petro eran y son todav\u00eda los protagonistas de los chismer\u00edos de Tuta, pero es curioso que dicha situaci\u00f3n se presente ya que en el municipio muchos meses antes solo se hablaba sobre Petro, a Rodolfo el famoso \u201cviejito\u201d o \u201cinge\u201d que muy pocas personas sab\u00edan de su existencia y mucho menos sab\u00edan qu\u00e9 propuestas tiene hasta que \u00a1boom! unas semanas antes el viejito empez\u00f3 a andar de boca en boca.\u00a0<\/p>\n\n\n\n<p>En el parque, en el coliseo hasta en las colectivas de transporte se escuchaba la misma pregunta \u00bfpor qui\u00e9n va a votar?, pregunta que parec\u00eda ser la m\u00e1s importante para cada uno de los habitantes, en lo que pod\u00eda escuchar la mayor\u00eda dec\u00eda por el viejito, algunos se alegran de o\u00edr esta respuesta otros preguntaban la raz\u00f3n y la que m\u00e1s se dec\u00eda es que el no es de Uribe ni tampoco guerrillero as\u00ed que no nos queda m\u00e1s opci\u00f3n o a veces se escucha como \u201ces el menos peor de todos\u201d, como si fuera la ultima opci\u00f3n la que as\u00ed no estuvieran de acuerdo era la m\u00e1s viable en estos momentos, y as\u00ed fue esta idea se vio reflejada en los resultados Rodolfo el Viejito con m\u00e1s de 3000 votos logr\u00f3 doblar a Petro cuando fue \u00e9l quien tuvo mas promoci\u00f3n y m\u00e1s campa\u00f1a en el municipio desde muchos meses antes.&nbsp;<\/p>\n\n\n\n<figure class=\"wp-block-image size-large is-resized\"><img loading=\"lazy\" decoding=\"async\" src=\"http:\/\/agenf.org\/lapalabra\/wp-content\/uploads\/2022\/06\/image-1024x768.png\" alt=\"\" class=\"wp-image-40\" width=\"842\" height=\"632\" srcset=\"https:\/\/agenf.org\/palabras\/wp-content\/uploads\/2022\/06\/image-1024x768.png 1024w, https:\/\/agenf.org\/palabras\/wp-content\/uploads\/2022\/06\/image-300x225.png 300w, https:\/\/agenf.org\/palabras\/wp-content\/uploads\/2022\/06\/image-768x576.png 768w, https:\/\/agenf.org\/palabras\/wp-content\/uploads\/2022\/06\/image-1536x1152.png 1536w, https:\/\/agenf.org\/palabras\/wp-content\/uploads\/2022\/06\/image.png 1600w\" sizes=\"auto, (max-width: 842px) 100vw, 842px\" \/><figcaption>Coliseo de Deportes del Municipio de Tuta <\/figcaption><\/figure>\n\n\n\n<div class=\"wp-block-group\"><div class=\"wp-block-group__inner-container is-layout-flow wp-block-group-is-layout-flow\">\n<div class=\"wp-block-columns is-layout-flex wp-container-core-columns-is-layout-9d6595d7 wp-block-columns-is-layout-flex\">\n<div class=\"wp-block-column is-layout-flow wp-block-column-is-layout-flow\" style=\"flex-basis:100%\"><\/div>\n<\/div>\n\n\n\n<figure class=\"wp-block-image size-large is-resized\"><img loading=\"lazy\" decoding=\"async\" src=\"http:\/\/agenf.org\/lapalabra\/wp-content\/uploads\/2022\/06\/image-3-1024x768.png\" alt=\"\" class=\"wp-image-44\" width=\"826\" height=\"620\" srcset=\"https:\/\/agenf.org\/palabras\/wp-content\/uploads\/2022\/06\/image-3-1024x768.png 1024w, https:\/\/agenf.org\/palabras\/wp-content\/uploads\/2022\/06\/image-3-300x225.png 300w, https:\/\/agenf.org\/palabras\/wp-content\/uploads\/2022\/06\/image-3-768x576.png 768w, https:\/\/agenf.org\/palabras\/wp-content\/uploads\/2022\/06\/image-3-1536x1152.png 1536w, https:\/\/agenf.org\/palabras\/wp-content\/uploads\/2022\/06\/image-3.png 1600w\" sizes=\"auto, (max-width: 826px) 100vw, 826px\" \/><figcaption>Parque principal Municipio de Tuta<\/figcaption><\/figure>\n<\/div><\/div>\n\n\n\n<p>M\u00e1s se demoraron en comunicar los resultados finales de la primera vuelta que las personas empezar a hablar y a divulgar cada uno de los chismes que se escuchaban, algunos creen otros se niegan a creer y otros se comunican entre s\u00ed para obtener respuesta pero muy pocos buscan informaci\u00f3n y resultados que les permita generar criterio propio, en este municipio se conf\u00eda m\u00e1s en la palabra del vecino, del amigo, del compadre que en los proyectos planteados, la historia y\/o antecedentes de cada candidato, as\u00ed que pues donde est\u00e1 la democracia y el desarrollo de la participaci\u00f3n ciudadana cuando en un municipio como Tuta ni siquiera se ve la autonom\u00eda del voto, donde queda esa democracia por la que muchas veces se pelea pero que cuando se tiene en las manos y se tiene la oportunidad no se ejerce como debe ser.&nbsp;<\/p>\n\n\n\n<p>&#8211; N.E<\/p>\n","protected":false},"excerpt":{"rendered":"<p>Finalmente se llego el d\u00eda, el d\u00eda tan anhelado por muchos colombianos y para los dem\u00e1s un dia com\u00fan y corriente, el d\u00eda de las votaciones, dia en el que se decidir\u00e1 el rumbo del pa\u00eds por medio de la tan promulgada \u201cdemocracia\u201d, <\/p>\n","protected":false},"author":2,"featured_media":40,"comment_status":"closed","ping_status":"closed","sticky":false,"template":"","format":"standard","meta":{"_monsterinsights_skip_tracking":false,"_monsterinsights_sitenote_active":false,"_monsterinsights_sitenote_note":"","_monsterinsights_sitenote_category":0,"footnotes":""},"categories":[5],"tags":[],"class_list":["post-38","post","type-post","status-publish","format-standard","has-post-thumbnail","hentry","category-politica"],"_links":{"self":[{"href":"https:\/\/agenf.org\/palabras\/index.php\/wp-json\/wp\/v2\/posts\/38","targetHints":{"allow":["GET"]}}],"collection":[{"href":"https:\/\/agenf.org\/palabras\/index.php\/wp-json\/wp\/v2\/posts"}],"about":[{"href":"https:\/\/agenf.org\/palabras\/index.php\/wp-json\/wp\/v2\/types\/post"}],"author":[{"embeddable":true,"href":"https:\/\/agenf.org\/palabras\/index.php\/wp-json\/wp\/v2\/users\/2"}],"replies":[{"embeddable":true,"href":"https:\/\/agenf.org\/palabras\/index.php\/wp-json\/wp\/v2\/comments?post=38"}],"version-history":[{"count":7,"href":"https:\/\/agenf.org\/palabras\/index.php\/wp-json\/wp\/v2\/posts\/38\/revisions"}],"predecessor-version":[{"id":164,"href":"https:\/\/agenf.org\/palabras\/index.php\/wp-json\/wp\/v2\/posts\/38\/revisions\/164"}],"wp:featuredmedia":[{"embeddable":true,"href":"https:\/\/agenf.org\/palabras\/index.php\/wp-json\/wp\/v2\/media\/40"}],"wp:attachment":[{"href":"https:\/\/agenf.org\/palabras\/index.php\/wp-json\/wp\/v2\/media?parent=38"}],"wp:term":[{"taxonomy":"category","embeddable":true,"href":"https:\/\/agenf.org\/palabras\/index.php\/wp-json\/wp\/v2\/categories?post=38"},{"taxonomy":"post_tag","embeddable":true,"href":"https:\/\/agenf.org\/palabras\/index.php\/wp-json\/wp\/v2\/tags?post=38"}],"curies":[{"name":"wp","href":"https:\/\/api.w.org\/{rel}","templated":true}]}}