{"id":406,"date":"2022-09-23T04:41:16","date_gmt":"2022-09-23T04:41:16","guid":{"rendered":"http:\/\/agenf.org\/lapalabra\/?p=406"},"modified":"2022-09-23T04:47:25","modified_gmt":"2022-09-23T04:47:25","slug":"reconocimiento-dr-fred-manrique-abril","status":"publish","type":"post","link":"https:\/\/agenf.org\/palabras\/index.php\/2022\/09\/23\/reconocimiento-dr-fred-manrique-abril\/","title":{"rendered":"Reconocimiento Dr. Fred Manrique Abril"},"content":{"rendered":"\n<p>El pr\u00f3ximo 23 de septiembre del 2022 en el auditorio Alfonso L\u00f3pez Pumarejo de la Universidad Nacional de Colombia se llevar\u00e1 a cabo la ceremonia de distinciones a personal docente y administrativo del alma Mater.<\/p>\n\n\n\n<p>las tres distinciones a nivel nacional son los doctores honoris causa, la medalla al merito universitario y la orden Gerardo Molina.<\/p>\n\n\n\n<p>Las distinciones a excelencia docente investigativa y de extensi\u00f3n universitaria se reconocen en cada una de las sedes y facultades a algunos docentes que se destacan en estos quehaceres misionales.<\/p>\n\n\n\n<p><\/p>\n\n\n\n<p>Este a\u00f1o 2022 result\u00f3 nominado y distinguido por el consejo superior universitario al profesor y doctor Fred Gustavo Manrique Abril, adscrito a la facultad de Enfermer\u00eda como profesor titular en dedicaci\u00f3n de ctedra, quien  ha prestado los servicios de forma sobresaliente, distinguida y dignamente a la universidad con sus contribuciones tanto a la docencia como a la investigaci\u00f3n cient\u00edfica.<\/p>\n\n\n\n<p>El profesor manrique se incorpor\u00f3 al alma Mater en septiembre del a\u00f1o 2005. Ha sido candidato a la rector\u00eda de esta misma universidad en dos ocasiones, tambi\u00e9n ha participado en tres momentos dentro de los procesos de designaci\u00f3n de decanos.<\/p>\n\n\n\n<p>Hoy he reconocido por estar entre los 200 vestigadores m\u00e1s citados en el \u00edndice de Google escolar y es el primer investigador en enfermer\u00eda con mayor reconocimiento en hispanohablantes.<\/p>\n\n\n\n<p>Desde el peri\u00f3dico palabra felicitamos al profesor Manrique por su reconocimiento en la celebraci\u00f3n  de los 155 a\u00f1os de la Universidad Nacional de Colombia.<\/p>\n\n\n\n<p><\/p>\n","protected":false},"excerpt":{"rendered":"<p>Medalla al M\u00e9rito universitario al Dr. Fred Gustavo Manrique Abril le otorga la Universidad Nacional de Colombia en sus 155 a\u00f1os de fundaci\u00f3n. <\/p>\n","protected":false},"author":2,"featured_media":409,"comment_status":"open","ping_status":"closed","sticky":false,"template":"","format":"standard","meta":{"_monsterinsights_skip_tracking":false,"_monsterinsights_sitenote_active":false,"_monsterinsights_sitenote_note":"","_monsterinsights_sitenote_category":0,"footnotes":""},"categories":[25],"tags":[],"class_list":["post-406","post","type-post","status-publish","format-standard","has-post-thumbnail","hentry","category-sociales"],"_links":{"self":[{"href":"https:\/\/agenf.org\/palabras\/index.php\/wp-json\/wp\/v2\/posts\/406","targetHints":{"allow":["GET"]}}],"collection":[{"href":"https:\/\/agenf.org\/palabras\/index.php\/wp-json\/wp\/v2\/posts"}],"about":[{"href":"https:\/\/agenf.org\/palabras\/index.php\/wp-json\/wp\/v2\/types\/post"}],"author":[{"embeddable":true,"href":"https:\/\/agenf.org\/palabras\/index.php\/wp-json\/wp\/v2\/users\/2"}],"replies":[{"embeddable":true,"href":"https:\/\/agenf.org\/palabras\/index.php\/wp-json\/wp\/v2\/comments?post=406"}],"version-history":[{"count":2,"href":"https:\/\/agenf.org\/palabras\/index.php\/wp-json\/wp\/v2\/posts\/406\/revisions"}],"predecessor-version":[{"id":410,"href":"https:\/\/agenf.org\/palabras\/index.php\/wp-json\/wp\/v2\/posts\/406\/revisions\/410"}],"wp:featuredmedia":[{"embeddable":true,"href":"https:\/\/agenf.org\/palabras\/index.php\/wp-json\/wp\/v2\/media\/409"}],"wp:attachment":[{"href":"https:\/\/agenf.org\/palabras\/index.php\/wp-json\/wp\/v2\/media?parent=406"}],"wp:term":[{"taxonomy":"category","embeddable":true,"href":"https:\/\/agenf.org\/palabras\/index.php\/wp-json\/wp\/v2\/categories?post=406"},{"taxonomy":"post_tag","embeddable":true,"href":"https:\/\/agenf.org\/palabras\/index.php\/wp-json\/wp\/v2\/tags?post=406"}],"curies":[{"name":"wp","href":"https:\/\/api.w.org\/{rel}","templated":true}]}}