{"id":415,"date":"2022-09-23T16:22:53","date_gmt":"2022-09-23T16:22:53","guid":{"rendered":"http:\/\/agenf.org\/lapalabra\/?p=415"},"modified":"2022-09-23T16:22:53","modified_gmt":"2022-09-23T16:22:53","slug":"abc-de-la-eleccion-de-rector-en-la-uptc-2023-26","status":"publish","type":"post","link":"https:\/\/agenf.org\/palabras\/index.php\/2022\/09\/23\/abc-de-la-eleccion-de-rector-en-la-uptc-2023-26\/","title":{"rendered":"ABC de la elecci\u00f3n de Rector en la UPTC 2023-26"},"content":{"rendered":"\n<p> La oficina de Comunicaciones de la UPTC, mediante comunicado 190 present\u00f3 un instructivo que permite dar respuesta a las principales preguntas que los estamentos estudiantiles egresados empleados y docentes de la Universidad  tienen con respecto a la consulta que se adelantar\u00e1 el 15 y 16 de noviembre en el alma Mater para la designaci\u00f3n de Rector 2023 2026.<\/p>\n\n\n\n<p>.<\/p>\n\n\n\n<p><\/p>\n\n\n\n<p>La palabra como diario responsable e independiente se permite transcribir el comunicado 190 plasmado por la profesional de la oficina de Comunicaciones Yoletee Cecilia Romero B\u00f3horquez. <br><\/p>\n\n\n\n<p><strong>Comunicado No. 190<\/strong><\/p>\n\n\n\n<p>Teniendo en cuenta que la designaci\u00f3n del rector de la UPTC, la realizar\u00e1 el Consejo Superior de nombres postulados por los diferentes sectores universitarios, los cuales ser\u00e1n obtenidos, mediante consulta directa a&nbsp; Profesores Escalafonados, Estudiantes con matr\u00edcula vigente en programas propios, Empleados P\u00fablicos de Libre Nombramiento y Remoci\u00f3n, Empleados de Carrera Administrativa y Trabajadores Oficiales,&nbsp; protegidos por la convenci\u00f3n colectiva y graduados&nbsp; de los programas acad\u00e9micos propios, el Comit\u00e9 Electoral evalu\u00f3 de acuerdo con la normatividad las condiciones para el desarrollo de las mismas, conforme quedaron reglamentadas en las resoluciones rectorales 4379 y 4380 de 2022.<\/p>\n\n\n\n<p><strong>\u00bfEn qu\u00e9 fecha se llevar\u00e1n a cabo las consultas a los diferentes sectores?&nbsp;<\/strong><\/p>\n\n\n\n<p><strong>Sector graduado:<\/strong>&nbsp;15 de noviembre mediante el sistema de Tarjet\u00f3n Electoral (Papeleta). Para lo cual se ubicar\u00e1n urnas en los siguientes puestos de votaci\u00f3n:<\/p>\n\n\n\n<ul class=\"wp-block-list\"><li>Sede Central: Coliseo Cubierto de la ciudad de Tunja, Avenida Villa Ol\u00edmpica Casa del Deportes.<\/li><li>Sede Seccional Sogamoso: Museo Arqueol\u00f3gico de Sogamoso; \u2018Eli\u00e9cer&nbsp;Silva Celis\u2019.&nbsp;<\/li><li>Sede Seccional Duitama: pasillo de ingreso a la biblioteca.<\/li><li>Sede Seccional Chiquinquir\u00e1: Auditorio Reinaldo Pedraza.<\/li><li>Bogot\u00e1: Casa de Bogot\u00e1, carrera 14 No. 44 -51.<\/li><li>Garagoa: Cread Garagoa, calle 16 No. 12 \u2013 18.<\/li><li>Soata: Cread Soata, carrera 6 No. 8 -47 Barrio Sim\u00f3n Bol\u00edvar.<\/li><li>Aguazul: Sede UPTC Parque del Arroz, carrera 19 No. 11-28, bloque de servicios 2\u00b0 piso.<\/li><\/ul>\n\n\n\n<p><strong>Sectores profesores escalafonados, estudiantes con matr\u00edcula vigente en programas propios, personal administrativo, integrado por: empleados p\u00fablicos de libre nombramiento y remoci\u00f3n, empleados de carrera administrativa y trabajadores oficiales, protegidos por la convenci\u00f3n colectiva<\/strong>: 16 de noviembre de 2022, mediante el Sistema de Voto Electr\u00f3nico.<\/p>\n\n\n\n<p>Para todos los casos, las votaciones se abrir\u00e1n a las 8:00 am y cerrar\u00e1n a las 4:00 pm.<\/p>\n\n\n\n<p><strong>&nbsp;<\/strong><strong>\u00bfQui\u00e9nes podr\u00e1n votar en dichas consultas?&nbsp;<\/strong><\/p>\n\n\n\n<p>Podr\u00e1n votar las personas que se encuentran en el censo electoral, el cual estar\u00e1 compuesto por:<\/p>\n\n\n\n<ul class=\"wp-block-list\"><li>Profesores escalafonados,<\/li><li>Estudiantes con matr\u00edcula vigente en programas propios,<\/li><li>Personal Administrativo (empleados p\u00fablicos de libre nombramiento y remoci\u00f3n, empleados de carrera administrativa y trabajadores oficiales, protegidos por la convenci\u00f3n colectiva).<\/li><li>Graduados de programas propios de la UPTC.<\/li><\/ul>\n\n\n\n<p>El d\u00eda 20 de octubre de 2022, ser\u00e1 publicado en la p\u00e1gina web el Censo Electoral de todos los sectores, en el enlace<\/p>\n\n\n\n<p>(<a href=\"https:\/\/ve.uptc.edu.co\/\">https:\/\/ve.uptc.edu.co\/<\/a>)<\/p>\n\n\n\n<h4 class=\"wp-block-heading\">\u00bfSi alguien no aparece incluido en el censo Electoral qu\u00e9 debe hacer?<\/h4>\n\n\n\n<p>Quienes no figuren en el censo electoral publicado el d\u00eda jueves 20 de octubre de 2022, pese a tener calidad de Profesor Escalafonado, Estudiante con matr\u00edcula vigente en programas propios, empleados p\u00fablicos de libre nombramiento y remoci\u00f3n, empleados de carrera administrativa y trabajadores oficiales, deber\u00e1n solicitar su inclusi\u00f3n a trav\u00e9s del aplicativo electoral o del correo&nbsp;<strong>secretaria.general@uptc.edu.co<\/strong>registrando la informaci\u00f3n que se solicite en la p\u00e1gina web institucional, hasta el d\u00eda 31 de octubre de 2022.<\/p>\n\n\n\n<p>Las solicitudes de inclusi\u00f3n presentadas, ser\u00e1n tramitadas con el fin de verificar su inclusi\u00f3n o no en el censo electoral para la consulta y una vez atendidas las solicitudes, se expedir\u00e1 el censo electoral definitivo, el d\u00eda 04 de noviembre de 2022.<\/p>\n\n\n\n<p><strong>Para el caso del sector graduados,<\/strong>quienes no figuren en el censo electoral publicado el d\u00eda jueves 20 de octubre de 2022, pese a tener calidad de Graduado, la inclusi\u00f3n en el censo deber\u00e1 hacerla hasta el d\u00eda 28 de octubre de 2022, despu\u00e9s de lo que se proceder\u00e1 a verificar su inclusi\u00f3n o no y, de ser procedente, se incluir\u00e1n en el censo electoral, el d\u00eda 03 de noviembre de 2022.<\/p>\n\n\n\n<p>Adem\u00e1s, en caso que el graduado cumpla las calidades para ejercer su derecho al voto y no se encuentra en el Censo Electoral, el d\u00eda del proceso de consulta, podr\u00e1 solicitar una certificaci\u00f3n al Departamento de Admisiones y Control de Registro Acad\u00e9mico, que lo habilite para votar.<\/p>\n\n\n\n<p><strong>\u00bfCu\u00e1ndo se podr\u00e1n conocer las propuestas de los candidatos?&nbsp;<\/strong><\/p>\n\n\n\n<p>Los candidatos aspirantes a la Rector\u00eda, podr\u00e1n divulgar sus propuestas ante la Comunidad Universitaria, entre el 24 de octubre y el 11 de noviembre de 2022, estas adem\u00e1s podr\u00e1n ser consultadas web Institucional, link \u2018Proceso Designaci\u00f3n Rector 2023-2026\u2019. En \u00e9ste periodo tambi\u00e9n se organizar\u00e1n foros y distintas publicaciones.<\/p>\n\n\n\n<p>Es importante se\u00f1alar, que el d\u00eda de 15 de noviembre, cuando se realiza la consulta al sector graduados, no se podr\u00e1n realizar actividades proselitistas, en un estimado de doscientos (200) metros a la redonda de los lugares de votaci\u00f3n.<\/p>\n\n\n\n<p><strong>\u00bfCu\u00e1ndo se conocer\u00e1n los resultados oficiales de las consultas?<\/strong><\/p>\n\n\n\n<p><strong>&nbsp;<\/strong>El 18 de noviembre de 2022, se publicar\u00e1n los resultados en la p\u00e1gina web de la Universidad, avalados por el Comit\u00e9 Veedor, el Comit\u00e9 Electoral y \u00f3rganos de control acompa\u00f1antes.<\/p>\n\n\n\n<p><strong>\u00bfUna vez se conozca el resultado de las consultas, qu\u00e9 proceso sigue?&nbsp;<\/strong><\/p>\n\n\n\n<p><strong>&nbsp;<\/strong>Los postulados, ser\u00e1n los que obtengan las m\u00e1s altas votaciones en las consultas, es decir los cuatro (4) m\u00e1s votados por los profesores escalafonados, los dos (2), m\u00e1s votados por los estudiantes, los dos(2) m\u00e1s votados por los graduados&nbsp; y los dos (2) m\u00e1s votados por el sector de personal administrativo, integrado por empleados p\u00fablicos de libre nombramiento y remoci\u00f3n y de carrera administrativa y trabajadores oficiales, protegidos por la convenci\u00f3n colectiva, el 22 de noviembre expondr\u00e1n su propuesta ante el Consejo Superior Universitario, luego de lo que los integrantes de \u00e9ste organismo proceder\u00e1n a designar al Rector para el periodo 2023- 2026.<\/p>\n\n\n\n<p><strong>&nbsp;<\/strong><strong><u>Otros aspectos a tener en cuenta:<\/u><\/strong><\/p>\n\n\n\n<ul class=\"wp-block-list\"><li>Cualquier acto encaminado a da\u00f1ar, alterar o afectar la jornada de votaci\u00f3n, dar\u00e1 lugar a las acciones disciplinarias y penales que la Instituci\u00f3n emprenda en contra de los responsables.<\/li><li>El Comit\u00e9 Electoral, ser\u00e1 el competente de conocer las quejas o situaciones que pudieran afectar el proceso electoral.<\/li><li>Para la consulta del sector graduados que se realizar\u00e1 mediante el sistema de Tarjet\u00f3n electoral, de comprobarse que una persona ejerci\u00f3 el derecho al voto m\u00e1s de una vez, se anular\u00e1 al azar igual n\u00famero de votos al n\u00famero de veces que la persona vot\u00f3, y se informar\u00e1 de esta situaci\u00f3n a la autoridad competente.<\/li><\/ul>\n\n\n\n<p>Consulte aqu\u00ed Resoluci\u00f3n No 4379 de 2022 Por el cual se reglamenta el proceso de consulta del sector de Graduados para la designaci\u00f3n del Rector de la Universidad Pedag\u00f3gica y Tecnol\u00f3gica de Colombia, periodo 2023-2026.&nbsp;<\/p>\n\n\n\n<p>Consulte aqu\u00ed Resoluci\u00f3n N<sup>o<\/sup>&nbsp;4380 de 2022 Por el cual se reglamenta el proceso de consulta a Profesores Escalafonados, Estudiantes con matr\u00edcula vigente en programas propios, Personal Administrativo, integrado por: Empleados P\u00fablicos de Libre Nombramiento y Remoci\u00f3n, Empleados de Carrera Administrativa y Trabajadores Oficiales, protegidos por la convenci\u00f3n colectiva, para la Designaci\u00f3n de Rector de la Universidad Pedag\u00f3gica y Tecnol\u00f3gica de Colombia, periodo 2023-2026.<\/p>\n","protected":false},"excerpt":{"rendered":"<p>Tips para egresamos, estudiantes . Trabajadores y Docentes de la UPTC para la consulta en la designaci\u00f3n de Rector 2023 2026 <\/p>\n","protected":false},"author":2,"featured_media":416,"comment_status":"open","ping_status":"open","sticky":false,"template":"","format":"standard","meta":{"_monsterinsights_skip_tracking":false,"_monsterinsights_sitenote_active":false,"_monsterinsights_sitenote_note":"","_monsterinsights_sitenote_category":0,"footnotes":""},"categories":[27],"tags":[],"class_list":["post-415","post","type-post","status-publish","format-standard","has-post-thumbnail","hentry","category-educacion"],"_links":{"self":[{"href":"https:\/\/agenf.org\/palabras\/index.php\/wp-json\/wp\/v2\/posts\/415","targetHints":{"allow":["GET"]}}],"collection":[{"href":"https:\/\/agenf.org\/palabras\/index.php\/wp-json\/wp\/v2\/posts"}],"about":[{"href":"https:\/\/agenf.org\/palabras\/index.php\/wp-json\/wp\/v2\/types\/post"}],"author":[{"embeddable":true,"href":"https:\/\/agenf.org\/palabras\/index.php\/wp-json\/wp\/v2\/users\/2"}],"replies":[{"embeddable":true,"href":"https:\/\/agenf.org\/palabras\/index.php\/wp-json\/wp\/v2\/comments?post=415"}],"version-history":[{"count":1,"href":"https:\/\/agenf.org\/palabras\/index.php\/wp-json\/wp\/v2\/posts\/415\/revisions"}],"predecessor-version":[{"id":417,"href":"https:\/\/agenf.org\/palabras\/index.php\/wp-json\/wp\/v2\/posts\/415\/revisions\/417"}],"wp:featuredmedia":[{"embeddable":true,"href":"https:\/\/agenf.org\/palabras\/index.php\/wp-json\/wp\/v2\/media\/416"}],"wp:attachment":[{"href":"https:\/\/agenf.org\/palabras\/index.php\/wp-json\/wp\/v2\/media?parent=415"}],"wp:term":[{"taxonomy":"category","embeddable":true,"href":"https:\/\/agenf.org\/palabras\/index.php\/wp-json\/wp\/v2\/categories?post=415"},{"taxonomy":"post_tag","embeddable":true,"href":"https:\/\/agenf.org\/palabras\/index.php\/wp-json\/wp\/v2\/tags?post=415"}],"curies":[{"name":"wp","href":"https:\/\/api.w.org\/{rel}","templated":true}]}}