{"id":423,"date":"2023-04-05T17:08:07","date_gmt":"2023-04-05T17:08:07","guid":{"rendered":"https:\/\/agenf.org\/lapalabra\/?p=423"},"modified":"2023-04-05T17:08:07","modified_gmt":"2023-04-05T17:08:07","slug":"la-tension-entre-ucrania-y-rusia-aumenta-en-medio-de-la-guerra-en-curso","status":"publish","type":"post","link":"https:\/\/agenf.org\/palabras\/index.php\/2023\/04\/05\/la-tension-entre-ucrania-y-rusia-aumenta-en-medio-de-la-guerra-en-curso\/","title":{"rendered":"La tensi\u00f3n entre Ucrania y Rusia aumenta en medio de la guerra en curso"},"content":{"rendered":"\n<p><strong>Por : Lapalabra<\/strong><\/p>\n\n\n\n<p>La guerra en curso entre Ucrania y Rusia ha llegado a un punto cr\u00edtico en los \u00faltimos meses, con una escalada significativa de la tensi\u00f3n entre ambos pa\u00edses. El conflicto ha dejado a miles de personas muertas y ha desplazado a millones de ciudadanos ucranianos. Las \u00faltimas noticias sobre la guerra en Ucrania son preocupantes y apuntan a que la situaci\u00f3n no se resolver\u00e1 pronto.<\/p>\n\n\n\n<p>Desde la anexi\u00f3n de Crimea en 2014, las tensiones entre Ucrania y Rusia han sido constantes. A pesar de los esfuerzos internacionales para resolver la situaci\u00f3n, las hostilidades se han intensificado en las \u00faltimas semanas. En el mes de marzo, el gobierno ucraniano denunci\u00f3 que Rusia hab\u00eda acumulado tropas y armamento en la frontera com\u00fan, lo que provoc\u00f3 una escalada de tensi\u00f3n en la zona.<\/p>\n\n\n\n<p>A pesar de los llamamientos internacionales a la calma, la situaci\u00f3n se ha deteriorado. En los \u00faltimos d\u00edas se han reportado enfrentamientos armados en varias zonas del este de Ucrania, donde las fuerzas prorrusas y las fuerzas gubernamentales han intercambiado disparos. Los l\u00edderes de ambos pa\u00edses se han acusado mutuamente de ser responsables de la escalada de la violencia.<\/p>\n\n\n\n<p>El conflicto en Ucrania ha sido objeto de atenci\u00f3n internacional debido a sus implicaciones geopol\u00edticas. La guerra en curso ha afectado gravemente las relaciones entre Rusia y los pa\u00edses occidentales, que han impuesto sanciones econ\u00f3micas contra Mosc\u00fa. Adem\u00e1s, la situaci\u00f3n ha tenido un impacto significativo en la estabilidad de la regi\u00f3n, y ha generado preocupaciones sobre el riesgo de una posible confrontaci\u00f3n militar directa entre Ucrania y Rusia.<\/p>\n\n\n\n<p>La situaci\u00f3n en Ucrania es compleja y no tiene una soluci\u00f3n f\u00e1cil. Sin embargo, es importante que los l\u00edderes de ambos pa\u00edses trabajen juntos para encontrar una salida pac\u00edfica al conflicto. El di\u00e1logo y la negociaci\u00f3n son la \u00fanica forma de resolver la situaci\u00f3n en Ucrania y poner fin al sufrimiento de la poblaci\u00f3n civil.<\/p>\n\n\n\n<p>Mientras tanto, la comunidad internacional debe seguir comprometida con la resoluci\u00f3n pac\u00edfica del conflicto. Los esfuerzos diplom\u00e1ticos deben continuar y las partes deben ser instadas a trabajar juntas para encontrar una soluci\u00f3n viable. Solo as\u00ed se podr\u00e1 poner fin a la violencia en Ucrania y restablecer la paz y la estabilidad en la regi\u00f3n.<\/p>\n","protected":false},"excerpt":{"rendered":"<p>La guerra en curso entre Ucrania y Rusia ha llegado a un punto cr\u00edtico en los \u00faltimos meses, con una escalada significativa de la tensi\u00f3n entre ambos pa\u00edses. El conflicto ha dejado a miles de personas muertas y ha desplazado a millones de ciudadanos ucranianos. Las \u00faltimas noticias sobre la guerra en Ucrania son preocupantes y apuntan a que la situaci\u00f3n no se resolver\u00e1 pronto<\/p>\n","protected":false},"author":10,"featured_media":424,"comment_status":"closed","ping_status":"closed","sticky":true,"template":"","format":"standard","meta":{"_monsterinsights_skip_tracking":false,"_monsterinsights_sitenote_active":false,"_monsterinsights_sitenote_note":"","_monsterinsights_sitenote_category":0,"footnotes":""},"categories":[5],"tags":[],"class_list":["post-423","post","type-post","status-publish","format-standard","has-post-thumbnail","hentry","category-politica"],"_links":{"self":[{"href":"https:\/\/agenf.org\/palabras\/index.php\/wp-json\/wp\/v2\/posts\/423","targetHints":{"allow":["GET"]}}],"collection":[{"href":"https:\/\/agenf.org\/palabras\/index.php\/wp-json\/wp\/v2\/posts"}],"about":[{"href":"https:\/\/agenf.org\/palabras\/index.php\/wp-json\/wp\/v2\/types\/post"}],"author":[{"embeddable":true,"href":"https:\/\/agenf.org\/palabras\/index.php\/wp-json\/wp\/v2\/users\/10"}],"replies":[{"embeddable":true,"href":"https:\/\/agenf.org\/palabras\/index.php\/wp-json\/wp\/v2\/comments?post=423"}],"version-history":[{"count":1,"href":"https:\/\/agenf.org\/palabras\/index.php\/wp-json\/wp\/v2\/posts\/423\/revisions"}],"predecessor-version":[{"id":425,"href":"https:\/\/agenf.org\/palabras\/index.php\/wp-json\/wp\/v2\/posts\/423\/revisions\/425"}],"wp:featuredmedia":[{"embeddable":true,"href":"https:\/\/agenf.org\/palabras\/index.php\/wp-json\/wp\/v2\/media\/424"}],"wp:attachment":[{"href":"https:\/\/agenf.org\/palabras\/index.php\/wp-json\/wp\/v2\/media?parent=423"}],"wp:term":[{"taxonomy":"category","embeddable":true,"href":"https:\/\/agenf.org\/palabras\/index.php\/wp-json\/wp\/v2\/categories?post=423"},{"taxonomy":"post_tag","embeddable":true,"href":"https:\/\/agenf.org\/palabras\/index.php\/wp-json\/wp\/v2\/tags?post=423"}],"curies":[{"name":"wp","href":"https:\/\/api.w.org\/{rel}","templated":true}]}}