{"id":429,"date":"2023-04-05T17:18:49","date_gmt":"2023-04-05T17:18:49","guid":{"rendered":"https:\/\/agenf.org\/lapalabra\/?p=429"},"modified":"2023-04-05T17:18:50","modified_gmt":"2023-04-05T17:18:50","slug":"campanas-politicas-a-la-gobernacion-de-boyaca-2024-2027-cual-es-su-posicion-sobre-el-cambio-climatico","status":"publish","type":"post","link":"https:\/\/agenf.org\/palabras\/index.php\/2023\/04\/05\/campanas-politicas-a-la-gobernacion-de-boyaca-2024-2027-cual-es-su-posicion-sobre-el-cambio-climatico\/","title":{"rendered":"Campa\u00f1as pol\u00edticas a la gobernaci\u00f3n de Boyac\u00e1 2024-2027: \u00bfCu\u00e1l es su posici\u00f3n sobre el cambio clim\u00e1tico?"},"content":{"rendered":"\n<p>Por: Dario Manrique Abril<\/p>\n\n\n\n<p>A medida que se acercan las elecciones para la gobernaci\u00f3n de Boyac\u00e1 en 2024, los candidatos est\u00e1n comenzando a presentar sus plataformas y planes para el desarrollo del departamento. Una de las cuestiones m\u00e1s urgentes que enfrenta el mundo hoy en d\u00eda, y que afecta directamente a la regi\u00f3n, es el cambio clim\u00e1tico. Es importante que los candidatos presenten propuestas concretas y ambiciosas para hacer frente a este desaf\u00edo global.<\/p>\n\n\n\n<p>El cambio clim\u00e1tico es una amenaza para el medio ambiente y la vida en la tierra, y Boyac\u00e1 no es una excepci\u00f3n. El departamento ha experimentado en los \u00faltimos a\u00f1os eventos clim\u00e1ticos extremos, como sequ\u00edas e inundaciones, que han afectado gravemente la agricultura, la ganader\u00eda y la econom\u00eda de la regi\u00f3n. Es por eso que es importante que los candidatos a la gobernaci\u00f3n de Boyac\u00e1 presenten propuestas para abordar este problema.<\/p>\n\n\n\n<p>Una de las primeras medidas que los candidatos deben tomar es reconocer la existencia del cambio clim\u00e1tico y comprometerse a tomar medidas para mitigar sus efectos. Esto podr\u00eda incluir la promoci\u00f3n de energ\u00edas renovables, la reducci\u00f3n de emisiones de gases de efecto invernadero y la implementaci\u00f3n de pr\u00e1cticas sostenibles en la agricultura y la ganader\u00eda.<\/p>\n\n\n\n<p>Otra propuesta que los candidatos podr\u00edan presentar es la promoci\u00f3n de la educaci\u00f3n y la conciencia ambiental. Los ciudadanos de Boyac\u00e1 necesitan comprender la gravedad de la situaci\u00f3n y el impacto que sus acciones tienen en el medio ambiente. Esto podr\u00eda incluir la promoci\u00f3n de programas educativos sobre el cambio clim\u00e1tico y la implementaci\u00f3n de campa\u00f1as de sensibilizaci\u00f3n para reducir el consumo de energ\u00eda y fomentar pr\u00e1cticas sostenibles.<\/p>\n\n\n\n<p>Tambi\u00e9n es importante que los candidatos se comprometan a trabajar con otras entidades y regiones para abordar el cambio clim\u00e1tico. Esto podr\u00eda incluir colaboraciones con organizaciones internacionales, entidades gubernamentales nacionales y regionales, y organizaciones no gubernamentales.<\/p>\n\n\n\n<p>En conclusi\u00f3n, el cambio clim\u00e1tico es un problema que afecta a todo el mundo, y Boyac\u00e1 no es una excepci\u00f3n. Los candidatos a la gobernaci\u00f3n de Boyac\u00e1 deben presentar propuestas concretas y ambiciosas para abordar este problema, y trabajar en colaboraci\u00f3n con otros para lograr soluciones sostenibles. La elecci\u00f3n de un l\u00edder comprometido con el medio ambiente es crucial para garantizar un futuro sostenible para el departamento y sus habitantes<\/p>\n","protected":false},"excerpt":{"rendered":"<p>El cambio clim\u00e1tico es una amenaza para el medio ambiente y la vida en la tierra, y Boyac\u00e1 no es una excepci\u00f3n. El departamento ha experimentado en los \u00faltimos a\u00f1os eventos clim\u00e1ticos extremos, como sequ\u00edas e inundaciones, que han afectado gravemente la agricultura, la ganader\u00eda y la econom\u00eda de la regi\u00f3n. Es por eso que es importante que los candidatos a la gobernaci\u00f3n de Boyac\u00e1 presenten propuestas para abordar este problema.<\/p>\n","protected":false},"author":4,"featured_media":430,"comment_status":"closed","ping_status":"closed","sticky":false,"template":"","format":"standard","meta":{"_monsterinsights_skip_tracking":false,"_monsterinsights_sitenote_active":false,"_monsterinsights_sitenote_note":"","_monsterinsights_sitenote_category":0,"footnotes":""},"categories":[23],"tags":[],"class_list":["post-429","post","type-post","status-publish","format-standard","has-post-thumbnail","hentry","category-medio-ambiente"],"_links":{"self":[{"href":"https:\/\/agenf.org\/palabras\/index.php\/wp-json\/wp\/v2\/posts\/429","targetHints":{"allow":["GET"]}}],"collection":[{"href":"https:\/\/agenf.org\/palabras\/index.php\/wp-json\/wp\/v2\/posts"}],"about":[{"href":"https:\/\/agenf.org\/palabras\/index.php\/wp-json\/wp\/v2\/types\/post"}],"author":[{"embeddable":true,"href":"https:\/\/agenf.org\/palabras\/index.php\/wp-json\/wp\/v2\/users\/4"}],"replies":[{"embeddable":true,"href":"https:\/\/agenf.org\/palabras\/index.php\/wp-json\/wp\/v2\/comments?post=429"}],"version-history":[{"count":1,"href":"https:\/\/agenf.org\/palabras\/index.php\/wp-json\/wp\/v2\/posts\/429\/revisions"}],"predecessor-version":[{"id":431,"href":"https:\/\/agenf.org\/palabras\/index.php\/wp-json\/wp\/v2\/posts\/429\/revisions\/431"}],"wp:featuredmedia":[{"embeddable":true,"href":"https:\/\/agenf.org\/palabras\/index.php\/wp-json\/wp\/v2\/media\/430"}],"wp:attachment":[{"href":"https:\/\/agenf.org\/palabras\/index.php\/wp-json\/wp\/v2\/media?parent=429"}],"wp:term":[{"taxonomy":"category","embeddable":true,"href":"https:\/\/agenf.org\/palabras\/index.php\/wp-json\/wp\/v2\/categories?post=429"},{"taxonomy":"post_tag","embeddable":true,"href":"https:\/\/agenf.org\/palabras\/index.php\/wp-json\/wp\/v2\/tags?post=429"}],"curies":[{"name":"wp","href":"https:\/\/api.w.org\/{rel}","templated":true}]}}