{"id":437,"date":"2023-04-08T16:40:36","date_gmt":"2023-04-08T16:40:36","guid":{"rendered":"https:\/\/agenf.org\/lapalabra\/?p=437"},"modified":"2023-04-08T16:40:36","modified_gmt":"2023-04-08T16:40:36","slug":"semana-santa-menos-gente-mas-reflexion","status":"publish","type":"post","link":"https:\/\/agenf.org\/palabras\/index.php\/2023\/04\/08\/semana-santa-menos-gente-mas-reflexion\/","title":{"rendered":"Semana Santa.  Menos gente  m\u00e1s reflexi\u00f3n."},"content":{"rendered":"\n<p>por : Fred Manrique Abril<\/p>\n\n\n\n<p>La Semana Santa es una de las festividades religiosas m\u00e1s importantes en todo el mundo. Para los fieles cat\u00f3licos, representa un momento de reflexi\u00f3n y devoci\u00f3n en el que se recuerda la pasi\u00f3n, muerte y resurrecci\u00f3n de Jesucristo. Sin embargo, en los \u00faltimos a\u00f1os, se ha observado una disminuci\u00f3n en la participaci\u00f3n de las personas en las celebraciones de la Iglesia Cat\u00f3lica durante esta festividad.<\/p>\n\n\n\n<p>En muchos pa\u00edses, las iglesias est\u00e1n cada vez m\u00e1s vac\u00edas, y la gente parece estar m\u00e1s interesada en otras creencias y cultos. Algunos expertos sugieren que esto se debe a una mayor apertura hacia otras religiones y culturas, mientras que otros creen que se debe a un cambio en la forma en que la gente se relaciona con la religi\u00f3n en general.<\/p>\n\n\n\n<p>Independientemente de las causas, es importante reconocer que la disminuci\u00f3n en la participaci\u00f3n en la Semana Santa tiene un impacto significativo en la comunidad cat\u00f3lica. Esta festividad es un momento importante para los fieles, ya que les permite conectarse con su fe y su comunidad en un nivel m\u00e1s profundo.<\/p>\n\n\n\n<p>Es importante se\u00f1alar que la baja participaci\u00f3n en la Semana Santa no significa necesariamente que las personas est\u00e9n perdiendo su fe. Muchos fieles todav\u00eda practican su religi\u00f3n de otras maneras, como la oraci\u00f3n personal, la asistencia a misas durante el a\u00f1o, la participaci\u00f3n en grupos de estudio b\u00edblico y la caridad hacia los menos afortunados.<\/p>\n\n\n\n<p>Sin embargo, es importante que la Iglesia Cat\u00f3lica reflexione sobre las causas de esta baja participaci\u00f3n y busque formas de involucrar a los fieles de una manera m\u00e1s significativa. Esto podr\u00eda implicar un cambio en la forma en que se presentan las ense\u00f1anzas religiosas, una mayor flexibilidad en la forma en que se llevan a cabo las ceremonias y una mayor apertura hacia la diversidad de creencias y culturas.<\/p>\n\n\n\n<p>En \u00faltima instancia, la Semana Santa sigue siendo una festividad importante para la Iglesia Cat\u00f3lica y para la comunidad en general. Es importante que la Iglesia reconozca las tendencias cambiantes en la religi\u00f3n y encuentre formas de adaptarse y atraer a una comunidad m\u00e1s diversa y comprometida. Solo as\u00ed podremos asegurarnos de que la Semana Santa siga siendo una celebraci\u00f3n significativa y relevante en el futuro.<\/p>\n","protected":false},"excerpt":{"rendered":"<p>La Semana Santa es una de las festividades religiosas m\u00e1s importantes en todo el mundo. Para los fieles cat\u00f3licos, representa un momento de reflexi\u00f3n y devoci\u00f3n en el que se recuerda la pasi\u00f3n, muerte y resurrecci\u00f3n de Jesucristo. Sin embargo, en los \u00faltimos a\u00f1os, se ha observado una disminuci\u00f3n en la participaci\u00f3n de las personas en las celebraciones de la Iglesia Cat\u00f3lica durante esta festividad.<\/p>\n","protected":false},"author":1,"featured_media":438,"comment_status":"closed","ping_status":"closed","sticky":false,"template":"","format":"standard","meta":{"_monsterinsights_skip_tracking":false,"_monsterinsights_sitenote_active":false,"_monsterinsights_sitenote_note":"","_monsterinsights_sitenote_category":0,"footnotes":""},"categories":[25],"tags":[],"class_list":["post-437","post","type-post","status-publish","format-standard","has-post-thumbnail","hentry","category-sociales"],"_links":{"self":[{"href":"https:\/\/agenf.org\/palabras\/index.php\/wp-json\/wp\/v2\/posts\/437","targetHints":{"allow":["GET"]}}],"collection":[{"href":"https:\/\/agenf.org\/palabras\/index.php\/wp-json\/wp\/v2\/posts"}],"about":[{"href":"https:\/\/agenf.org\/palabras\/index.php\/wp-json\/wp\/v2\/types\/post"}],"author":[{"embeddable":true,"href":"https:\/\/agenf.org\/palabras\/index.php\/wp-json\/wp\/v2\/users\/1"}],"replies":[{"embeddable":true,"href":"https:\/\/agenf.org\/palabras\/index.php\/wp-json\/wp\/v2\/comments?post=437"}],"version-history":[{"count":1,"href":"https:\/\/agenf.org\/palabras\/index.php\/wp-json\/wp\/v2\/posts\/437\/revisions"}],"predecessor-version":[{"id":439,"href":"https:\/\/agenf.org\/palabras\/index.php\/wp-json\/wp\/v2\/posts\/437\/revisions\/439"}],"wp:featuredmedia":[{"embeddable":true,"href":"https:\/\/agenf.org\/palabras\/index.php\/wp-json\/wp\/v2\/media\/438"}],"wp:attachment":[{"href":"https:\/\/agenf.org\/palabras\/index.php\/wp-json\/wp\/v2\/media?parent=437"}],"wp:term":[{"taxonomy":"category","embeddable":true,"href":"https:\/\/agenf.org\/palabras\/index.php\/wp-json\/wp\/v2\/categories?post=437"},{"taxonomy":"post_tag","embeddable":true,"href":"https:\/\/agenf.org\/palabras\/index.php\/wp-json\/wp\/v2\/tags?post=437"}],"curies":[{"name":"wp","href":"https:\/\/api.w.org\/{rel}","templated":true}]}}