{"id":446,"date":"2023-05-12T04:40:43","date_gmt":"2023-05-12T04:40:43","guid":{"rendered":"https:\/\/agenf.org\/palabras\/?p=446"},"modified":"2023-05-12T11:29:53","modified_gmt":"2023-05-12T11:29:53","slug":"la-participacion-de-la-uptc-en-la-feria-internacional-del-libro-de-bogota-un-balance-entre-logros-y-desafios","status":"publish","type":"post","link":"https:\/\/agenf.org\/palabras\/index.php\/2023\/05\/12\/la-participacion-de-la-uptc-en-la-feria-internacional-del-libro-de-bogota-un-balance-entre-logros-y-desafios\/","title":{"rendered":"La participaci\u00f3n de la UPTC en la Feria Internacional del Libro de Bogot\u00e1: Un balance entre logros y desaf\u00edos"},"content":{"rendered":"\n<p>La Feria Internacional del Libro de Bogot\u00e1 es uno de los eventos culturales m\u00e1s importantes de Am\u00e9rica Latina, y cada a\u00f1o miles de personas se congregan en sus instalaciones para explorar las \u00faltimas novedades literarias y promover la lectura. En este contexto, la participaci\u00f3n de las universidades es fundamental para enriquecer el panorama editorial y mostrar el talento acad\u00e9mico. Sin embargo, la presencia de la Universidad Pedag\u00f3gica y Tecnol\u00f3gica de Colombia (UPTC) en la \u00faltima edici\u00f3n dej\u00f3 un sabor agridulce, ya que, aunque algunas de sus obras lograron destacarse en el ranking nacional de producci\u00f3n universitaria, su participaci\u00f3n general fue considerada mediocre.<\/p>\n\n\n\n<figure class=\"wp-block-image size-full\"><img loading=\"lazy\" decoding=\"async\" width=\"1024\" height=\"1024\" src=\"http:\/\/agenf.org\/palabras\/wp-content\/uploads\/2023\/05\/satendra_kaushik_lofi_student_reading_a_book_in_evening_birds_a_71d6eba0-555b-4b9f-936f-c049ebcadf36.png\" alt=\"\" class=\"wp-image-450\" srcset=\"https:\/\/agenf.org\/palabras\/wp-content\/uploads\/2023\/05\/satendra_kaushik_lofi_student_reading_a_book_in_evening_birds_a_71d6eba0-555b-4b9f-936f-c049ebcadf36.png 1024w, https:\/\/agenf.org\/palabras\/wp-content\/uploads\/2023\/05\/satendra_kaushik_lofi_student_reading_a_book_in_evening_birds_a_71d6eba0-555b-4b9f-936f-c049ebcadf36-300x300.png 300w, https:\/\/agenf.org\/palabras\/wp-content\/uploads\/2023\/05\/satendra_kaushik_lofi_student_reading_a_book_in_evening_birds_a_71d6eba0-555b-4b9f-936f-c049ebcadf36-150x150.png 150w, https:\/\/agenf.org\/palabras\/wp-content\/uploads\/2023\/05\/satendra_kaushik_lofi_student_reading_a_book_in_evening_birds_a_71d6eba0-555b-4b9f-936f-c049ebcadf36-768x768.png 768w\" sizes=\"auto, (max-width: 1024px) 100vw, 1024px\" \/><\/figure>\n\n\n\n<p><\/p>\n\n\n\n<p>La UPTC, reconocida por su prestigio acad\u00e9mico y producci\u00f3n intelectual, tiene la responsabilidad de representar a la instituci\u00f3n y aportar al desarrollo cultural en eventos como la Feria Internacional del Libro de Bogot\u00e1. Si bien es cierto que algunas de las obras publicadas por la universidad alcanzaron notoriedad y se ubicaron en posiciones destacadas del ranking de producci\u00f3n universitaria, esto no fue suficiente para compensar las carencias en otros aspectos.<\/p>\n\n\n\n<p>En primer lugar, la cantidad de libros editados y expuestos al p\u00fablico fue decepcionante. La UPTC cuenta con una amplia comunidad acad\u00e9mica y una rica tradici\u00f3n de investigaci\u00f3n, lo que genera expectativas en t\u00e9rminos de producci\u00f3n editorial. Sin embargo, en comparaci\u00f3n con otras universidades presentes en la feria, el n\u00famero de obras publicadas por la UPTC fue significativamente inferior. Esta limitada oferta no solo priv\u00f3 a los visitantes de la oportunidad de conocer una variedad m\u00e1s amplia de trabajos, sino que tambi\u00e9n rest\u00f3 relevancia a la presencia de la universidad en el evento.<\/p>\n\n\n\n<p>Otro aspecto que no pas\u00f3 desapercibido fue el tama\u00f1o, dimensi\u00f3n y dise\u00f1o del stand de la UPTC. En una feria donde el impacto visual y la comodidad para los asistentes son elementos clave, la propuesta de la universidad result\u00f3 insuficiente. El stand carec\u00eda de originalidad y atractivo, y su tama\u00f1o reducido no permit\u00eda una adecuada exhibici\u00f3n de las obras. Esta falta de presencia visual afect\u00f3 negativamente la capacidad de captar la atenci\u00f3n del p\u00fablico y de generar inter\u00e9s en los visitantes.<\/p>\n\n\n\n<p>La participaci\u00f3n de la Universidad Pedag\u00f3gica y Tecnol\u00f3gica de Colombia (UPTC) en la Feria Internacional del Libro de Bogot\u00e1 reviste una gran importancia, no solo como una oportunidad para promover la producci\u00f3n intelectual de la instituci\u00f3n, sino tambi\u00e9n como una estrategia para posicionarla a nivel nacional e internacional como una universidad nacional y del estado. La presencia en este tipo de eventos culturales y acad\u00e9micos no solo contribuye a la difusi\u00f3n del conocimiento, sino que tambi\u00e9n genera reconocimiento y prestigio, fortaleciendo la imagen de la universidad y atrayendo la atenci\u00f3n de potenciales colaboradores, investigadores y estudiantes.<\/p>\n\n\n\n<p>Elementos clave para la inversi\u00f3n:<\/p>\n\n\n\n<ol class=\"wp-block-list\">\n<li>Incremento en la producci\u00f3n editorial: Es fundamental que la UPTC realice una inversi\u00f3n significativa en la producci\u00f3n de libros y materiales acad\u00e9micos. Esto implica fomentar la investigaci\u00f3n y la publicaci\u00f3n por parte de profesores y estudiantes, as\u00ed como establecer programas de apoyo y financiamiento para proyectos editoriales. Cuantas m\u00e1s obras se generen, mayor ser\u00e1 la variedad y calidad de la oferta que se pueda presentar en la feria.<\/li>\n\n\n\n<li>Dise\u00f1o y dimensiones del stand: El stand de la UPTC debe ser concebido como un espacio atractivo, innovador y acogedor. Es necesario contar con un dise\u00f1o que llame la atenci\u00f3n de los visitantes y los invite a acercarse. Adem\u00e1s, se debe asegurar un tama\u00f1o adecuado para permitir una exhibici\u00f3n \u00f3ptima de las obras y brindar espacios de interacci\u00f3n para que los asistentes puedan conversar con los representantes de la universidad y obtener m\u00e1s informaci\u00f3n sobre sus actividades acad\u00e9micas y proyectos.<\/li>\n\n\n\n<li>Promoci\u00f3n y difusi\u00f3n: Para lograr una mayor visibilidad, es crucial realizar una campa\u00f1a de promoci\u00f3n y difusi\u00f3n previa al evento. Esto implica utilizar los diferentes canales de comunicaci\u00f3n disponibles, como redes sociales, sitios web y medios de comunicaci\u00f3n locales y nacionales, para dar a conocer la participaci\u00f3n de la UPTC en la feria y resaltar los logros y obras que se presentar\u00e1n. Asimismo, durante la feria, se deben desarrollar actividades y eventos especiales que generen inter\u00e9s y convocatoria.<\/li>\n\n\n\n<li>Alianzas estrat\u00e9gicas: Es recomendable establecer alianzas estrat\u00e9gicas con otras instituciones acad\u00e9micas, editoriales y organizaciones relacionadas con el mundo del libro y la cultura. Estas alianzas pueden brindar oportunidades de colaboraci\u00f3n, intercambio de conocimientos y ampliar la red de contactos en el \u00e1mbito nacional e internacional. Adem\u00e1s, permiten compartir recursos y optimizar esfuerzos para obtener mejores resultados<\/li>\n<\/ol>\n\n\n\n<p><\/p>\n","protected":false},"excerpt":{"rendered":"<p>La UPTC, reconocida por su prestigio acad\u00e9mico y producci\u00f3n intelectual, tiene la responsabilidad de representar a la instituci\u00f3n y aportar al desarrollo cultural en eventos como la Feria Internacional del Libro de Bogot\u00e1. Si bien es cierto que algunas de las obras publicadas por la universidad alcanzaron notoriedad y se ubicaron en posiciones destacadas del ranking de producci\u00f3n universitaria, esto no fue suficiente para compensar las carencias en otros aspectos.<\/p>\n","protected":false},"author":1,"featured_media":447,"comment_status":"open","ping_status":"closed","sticky":true,"template":"","format":"standard","meta":{"_monsterinsights_skip_tracking":false,"_monsterinsights_sitenote_active":false,"_monsterinsights_sitenote_note":"","_monsterinsights_sitenote_category":0,"footnotes":""},"categories":[27],"tags":[],"class_list":["post-446","post","type-post","status-publish","format-standard","has-post-thumbnail","hentry","category-educacion"],"_links":{"self":[{"href":"https:\/\/agenf.org\/palabras\/index.php\/wp-json\/wp\/v2\/posts\/446","targetHints":{"allow":["GET"]}}],"collection":[{"href":"https:\/\/agenf.org\/palabras\/index.php\/wp-json\/wp\/v2\/posts"}],"about":[{"href":"https:\/\/agenf.org\/palabras\/index.php\/wp-json\/wp\/v2\/types\/post"}],"author":[{"embeddable":true,"href":"https:\/\/agenf.org\/palabras\/index.php\/wp-json\/wp\/v2\/users\/1"}],"replies":[{"embeddable":true,"href":"https:\/\/agenf.org\/palabras\/index.php\/wp-json\/wp\/v2\/comments?post=446"}],"version-history":[{"count":3,"href":"https:\/\/agenf.org\/palabras\/index.php\/wp-json\/wp\/v2\/posts\/446\/revisions"}],"predecessor-version":[{"id":458,"href":"https:\/\/agenf.org\/palabras\/index.php\/wp-json\/wp\/v2\/posts\/446\/revisions\/458"}],"wp:featuredmedia":[{"embeddable":true,"href":"https:\/\/agenf.org\/palabras\/index.php\/wp-json\/wp\/v2\/media\/447"}],"wp:attachment":[{"href":"https:\/\/agenf.org\/palabras\/index.php\/wp-json\/wp\/v2\/media?parent=446"}],"wp:term":[{"taxonomy":"category","embeddable":true,"href":"https:\/\/agenf.org\/palabras\/index.php\/wp-json\/wp\/v2\/categories?post=446"},{"taxonomy":"post_tag","embeddable":true,"href":"https:\/\/agenf.org\/palabras\/index.php\/wp-json\/wp\/v2\/tags?post=446"}],"curies":[{"name":"wp","href":"https:\/\/api.w.org\/{rel}","templated":true}]}}