{"id":453,"date":"2023-05-12T04:47:20","date_gmt":"2023-05-12T04:47:20","guid":{"rendered":"https:\/\/agenf.org\/palabras\/?p=453"},"modified":"2023-05-12T11:29:23","modified_gmt":"2023-05-12T11:29:23","slug":"celebrando-a-los-heroes-de-la-salud-en-su-dia-internacional","status":"publish","type":"post","link":"https:\/\/agenf.org\/palabras\/index.php\/2023\/05\/12\/celebrando-a-los-heroes-de-la-salud-en-su-dia-internacional\/","title":{"rendered":"\u00a1Celebrando a los H\u00e9roes de la Salud en su D\u00eda Internacional!"},"content":{"rendered":"\n<figure class=\"wp-block-image size-large\"><img loading=\"lazy\" decoding=\"async\" width=\"1024\" height=\"1024\" src=\"https:\/\/agenf.org\/palabras\/wp-content\/uploads\/2023\/05\/Kherse_man_in_hospital_bed_being_wrapped_in_bandages_by_2_nurse_2ffe562a-38fd-48c9-9aac-883159327d92-1024x1024.png\" alt=\"\" class=\"wp-image-454\" srcset=\"https:\/\/agenf.org\/palabras\/wp-content\/uploads\/2023\/05\/Kherse_man_in_hospital_bed_being_wrapped_in_bandages_by_2_nurse_2ffe562a-38fd-48c9-9aac-883159327d92-1024x1024.png 1024w, https:\/\/agenf.org\/palabras\/wp-content\/uploads\/2023\/05\/Kherse_man_in_hospital_bed_being_wrapped_in_bandages_by_2_nurse_2ffe562a-38fd-48c9-9aac-883159327d92-300x300.png 300w, https:\/\/agenf.org\/palabras\/wp-content\/uploads\/2023\/05\/Kherse_man_in_hospital_bed_being_wrapped_in_bandages_by_2_nurse_2ffe562a-38fd-48c9-9aac-883159327d92-150x150.png 150w, https:\/\/agenf.org\/palabras\/wp-content\/uploads\/2023\/05\/Kherse_man_in_hospital_bed_being_wrapped_in_bandages_by_2_nurse_2ffe562a-38fd-48c9-9aac-883159327d92-768x768.png 768w, https:\/\/agenf.org\/palabras\/wp-content\/uploads\/2023\/05\/Kherse_man_in_hospital_bed_being_wrapped_in_bandages_by_2_nurse_2ffe562a-38fd-48c9-9aac-883159327d92-1536x1536.png 1536w, https:\/\/agenf.org\/palabras\/wp-content\/uploads\/2023\/05\/Kherse_man_in_hospital_bed_being_wrapped_in_bandages_by_2_nurse_2ffe562a-38fd-48c9-9aac-883159327d92.png 2048w\" sizes=\"auto, (max-width: 1024px) 100vw, 1024px\" \/><\/figure>\n\n\n\n<p>El  12 de mayo se conmemora el D\u00eda Internacional de la Enfermer\u00eda, una fecha especial en la que rendimos homenaje a aquellos hombres y mujeres valientes que dedican su vida a cuidar de nosotros en momentos de vulnerabilidad y enfermedad. En este d\u00eda, es importante reconocer y celebrar el trabajo incansable y el compromiso de los profesionales de enfermer\u00eda que, con su labor diaria, marcan la diferencia en el sector hospitalario, de salud p\u00fablica y administrativo.<\/p>\n\n\n\n<p>Los profesionales de enfermer\u00eda son verdaderos h\u00e9roes de la salud, quienes, a menudo, est\u00e1n en la primera l\u00ednea de batalla, brindando atenci\u00f3n directa a los pacientes y desempe\u00f1ando un papel fundamental en su recuperaci\u00f3n. Son guardianes de la vida, ofreciendo cuidados con compasi\u00f3n, calidez y dedicaci\u00f3n, incluso en situaciones dif\u00edciles y desafiantes.<\/p>\n\n\n\n<p>En el sector hospitalario, los enfermeros y enfermeras son pilares esenciales en la prestaci\u00f3n de servicios de atenci\u00f3n m\u00e9dica. Su amplio conocimiento y experiencia en el manejo de pacientes, la administraci\u00f3n de medicamentos, la realizaci\u00f3n de procedimientos m\u00e9dicos y la coordinaci\u00f3n del cuidado integral, son fundamentales para garantizar la calidad de la atenci\u00f3n. Su presencia reconfortante y su apoyo emocional brindan consuelo tanto a los pacientes como a sus familias en momentos de angustia.<\/p>\n\n\n\n<p>Adem\u00e1s, los profesionales de enfermer\u00eda juegan un papel vital en el \u00e1mbito de la salud p\u00fablica. A trav\u00e9s de la educaci\u00f3n y la promoci\u00f3n de la salud, ayudan a prevenir enfermedades, fomentar estilos de vida saludables y concientizar a la comunidad sobre la importancia de la prevenci\u00f3n. Su labor en la detecci\u00f3n temprana de enfermedades, las campa\u00f1as de vacunaci\u00f3n y el control de brotes epid\u00e9micos, contribuyen significativamente a la salud y bienestar de la sociedad en su conjunto.<\/p>\n\n\n\n<p>No podemos olvidar la importante labor administrativa que desempe\u00f1an los profesionales de enfermer\u00eda. Su experiencia en gesti\u00f3n de recursos, planificaci\u00f3n de cuidados, liderazgo y coordinaci\u00f3n de equipos multidisciplinarios, es esencial para el funcionamiento eficiente de los servicios de salud. Su capacidad para organizar y optimizar los recursos disponibles asegura que los pacientes reciban una atenci\u00f3n integral y de calidad.<\/p>\n\n\n\n<p>En este D\u00eda Internacional de la Enfermer\u00eda, extendamos nuestra gratitud y reconocimiento a todos los profesionales de enfermer\u00eda alrededor del mundo. Su compromiso y dedicaci\u00f3n incansable son admirables y merecen elogios sin reservas. Su labor, muchas veces desempe\u00f1ada en silencio y sin buscar protagonismo, es esencial para el funcionamiento de los sistemas de salud.<\/p>\n\n\n\n<p>As\u00ed que, a todos los enfermeros y enfermeras, gracias por su labor inquebrantable y por ser la columna vertebral de la atenci\u00f3n m\u00e9dica. Gracias por ser el apoyo incondicional en momentos de dolor y necesidad. Vuestra vocaci\u00f3n y valent\u00eda son un ejemplo para todos nosotros. \u00a1Feliz D\u00eda Internacional de la Enfermer\u00eda!<\/p>\n","protected":false},"excerpt":{"rendered":"<p>El  13 de mayo se conmemora el D\u00eda Internacional de la Enfermer\u00eda, una fecha especial en la que rendimos homenaje a aquellos hombres y mujeres valientes que dedican su vida a cuidar de nosotros en momentos de vulnerabilidad y enfermedad. En este d\u00eda, es importante reconocer y celebrar el trabajo incansable y el compromiso de los profesionales de enfermer\u00eda que, con su labor diaria, marcan la diferencia en el sector hospitalario, de salud p\u00fablica y administrativo.<\/p>\n","protected":false},"author":37,"featured_media":455,"comment_status":"closed","ping_status":"closed","sticky":false,"template":"","format":"standard","meta":{"_monsterinsights_skip_tracking":false,"_monsterinsights_sitenote_active":false,"_monsterinsights_sitenote_note":"","_monsterinsights_sitenote_category":0,"footnotes":""},"categories":[24,27,8],"tags":[],"class_list":["post-453","post","type-post","status-publish","format-standard","has-post-thumbnail","hentry","category-cultural","category-educacion","category-salud"],"_links":{"self":[{"href":"https:\/\/agenf.org\/palabras\/index.php\/wp-json\/wp\/v2\/posts\/453","targetHints":{"allow":["GET"]}}],"collection":[{"href":"https:\/\/agenf.org\/palabras\/index.php\/wp-json\/wp\/v2\/posts"}],"about":[{"href":"https:\/\/agenf.org\/palabras\/index.php\/wp-json\/wp\/v2\/types\/post"}],"author":[{"embeddable":true,"href":"https:\/\/agenf.org\/palabras\/index.php\/wp-json\/wp\/v2\/users\/37"}],"replies":[{"embeddable":true,"href":"https:\/\/agenf.org\/palabras\/index.php\/wp-json\/wp\/v2\/comments?post=453"}],"version-history":[{"count":3,"href":"https:\/\/agenf.org\/palabras\/index.php\/wp-json\/wp\/v2\/posts\/453\/revisions"}],"predecessor-version":[{"id":459,"href":"https:\/\/agenf.org\/palabras\/index.php\/wp-json\/wp\/v2\/posts\/453\/revisions\/459"}],"wp:featuredmedia":[{"embeddable":true,"href":"https:\/\/agenf.org\/palabras\/index.php\/wp-json\/wp\/v2\/media\/455"}],"wp:attachment":[{"href":"https:\/\/agenf.org\/palabras\/index.php\/wp-json\/wp\/v2\/media?parent=453"}],"wp:term":[{"taxonomy":"category","embeddable":true,"href":"https:\/\/agenf.org\/palabras\/index.php\/wp-json\/wp\/v2\/categories?post=453"},{"taxonomy":"post_tag","embeddable":true,"href":"https:\/\/agenf.org\/palabras\/index.php\/wp-json\/wp\/v2\/tags?post=453"}],"curies":[{"name":"wp","href":"https:\/\/api.w.org\/{rel}","templated":true}]}}