{"id":46,"date":"2022-06-20T22:58:59","date_gmt":"2022-06-20T22:58:59","guid":{"rendered":"http:\/\/agenf.org\/lapalabra\/?p=46"},"modified":"2022-07-08T03:45:53","modified_gmt":"2022-07-08T03:45:53","slug":"nos-enferman-las-emociones","status":"publish","type":"post","link":"https:\/\/agenf.org\/palabras\/index.php\/2022\/06\/20\/nos-enferman-las-emociones\/","title":{"rendered":"\u00bfNos enferman las emociones?"},"content":{"rendered":"\n<p class=\"has-black-color has-pale-cyan-blue-background-color has-text-color has-background\"><strong>Por:<\/strong> <em>Ana Sof\u00eda Burgos Caro<\/em> &#8211; Estudiante de enfermer\u00eda (VIII Semestre)<\/p>\n\n\n\n<p class=\"has-black-color has-text-color\">Al ser humano le son inherentes miles de aspectos en los que radica precisamente ese sentido de \u201chumanidad\u201d, somos una especie que se diferencia de los dem\u00e1s seres vivos por poseer la capacidad cerebral de reflejar la realidad en forma de sensaciones, percepciones y pensamientos. Al tratar con cualquier sujeto es fundamental conocer el contexto biopsicosocial en el que se desarrolla, pues esto determina de gran manera su forma de pensar, de comportarse y de expresarse, lo que, aunque no parezca, puede llegar a influir de manera directa sobre el estado de salud de las personas.<\/p>\n\n\n\n<p class=\"has-black-color has-text-color\"><img loading=\"lazy\" decoding=\"async\" width=\"150\" height=\"127\" class=\"wp-image-49\" style=\"width: 150px;\" src=\"http:\/\/agenf.org\/lapalabra\/wp-content\/uploads\/2022\/06\/Diseno-sin-titulo-2.jpg\" alt=\"\" srcset=\"https:\/\/agenf.org\/palabras\/wp-content\/uploads\/2022\/06\/Diseno-sin-titulo-2.jpg 582w, https:\/\/agenf.org\/palabras\/wp-content\/uploads\/2022\/06\/Diseno-sin-titulo-2-300x254.jpg 300w\" sizes=\"auto, (max-width: 150px) 100vw, 150px\" \/>Para aclarar lo anteriormente dicho, cabe decir que el proceso para demostrar la interrelaci\u00f3n existente entre mente (cerebro en interrelaci\u00f3n con la cultura), sistema nervioso, sistema endocrino y sistema inmune, fue algo bastante largo. Actualmente gran parte de lo anterior se le atribuye al hipot\u00e1lamo, la am\u00edgdala y dem\u00e1s estructuras del sistema l\u00edmbico, regiones cerebrales con la capacidad de controlar el comportamiento, las emociones y la respuesta inmunol\u00f3gica, desde aqu\u00ed se ve como esta peque\u00f1a parte del cerebro integra cuerpo y mente.<\/p>\n\n\n\n<p class=\"has-black-color has-text-color\">De igual manera es importante conocer lo que se denomina como \u201cSistema integrado\u201d, que refiere a la comunicaci\u00f3n entre: Mente &#8211; Sistema nervioso (SN) &#8211; Sistema endocrino (SE) &#8211; Sistema inmune (SI); los tres sistemas tienen grandes similitudes, responden a est\u00edmulos, se adaptan a condiciones y regulan sus mecanismos mediante lazos de retroalimentaci\u00f3n negativa, adem\u00e1s es indudable la comunicaci\u00f3n entre los componentes de cada uno de ellos (neurotransmisores, hormonas, citocinas), que trabajan en conjunto para conservar la salud y mantener el equilibrio interno del organismo. Con base en lo anterior cabe destacar que el SN percibe y da respuesta a los cambios internos y externos, el SI detecta y elimina los agentes peligrosos y el sistema endocrino proporciona la respuesta mas conveniente ante la situaci\u00f3n, sobre lo que tambi\u00e9n influyen los factores psicol\u00f3gicos.<\/p>\n\n\n\n<p class=\"has-black-color has-text-color\">Es con base en lo anterior que se establece el ejemplo del estr\u00e9s, que en cantidades normales se entiende como un factor de ayuda para al organismo, pues le permite reaccionar ante ciertas situaciones y adaptarse; caso contrario a lo que sucede cuando el estr\u00e9s no se controla, pasa a ser cr\u00f3nico y esto produce m\u00faltiples problem\u00e1ticas en la salud; es por esto que el mismo se relaciona directamente con la aparici\u00f3n de enfermedades coronarias y el proceso de ateroesclerosis.&nbsp; Otros trastornos como enfermedades autoinmunes y trastornos de la piel, muestran una fuerte relaci\u00f3n entre el sistema inmune y el estado psicol\u00f3gico de las personas.<\/p>\n\n\n\n<p class=\"has-text-align-left has-black-color has-text-color\"><img loading=\"lazy\" decoding=\"async\" width=\"150\" height=\"172\" class=\"wp-image-48\" style=\"width: 150px;\" src=\"http:\/\/agenf.org\/lapalabra\/wp-content\/uploads\/2022\/06\/Diseno-sin-titulo-1.jpg\" alt=\"\" srcset=\"https:\/\/agenf.org\/palabras\/wp-content\/uploads\/2022\/06\/Diseno-sin-titulo-1.jpg 845w, https:\/\/agenf.org\/palabras\/wp-content\/uploads\/2022\/06\/Diseno-sin-titulo-1-262x300.jpg 262w, https:\/\/agenf.org\/palabras\/wp-content\/uploads\/2022\/06\/Diseno-sin-titulo-1-768x879.jpg 768w\" sizes=\"auto, (max-width: 150px) 100vw, 150px\" \/>La psiconeuroinmunoendocrinolog\u00eda es la ciencia que se encarga del estudio de las problem\u00e1ticas de salud desde una perspectiva integral en la que se considera que todos los sistemas aqu\u00ed tratados se interconectan, se interrelacionan y son interdependientes, lo que permite el funcionamiento arm\u00f3nico del cuerpo en el medio de desarrollo, proponiendo as\u00ed un modelo integrador que permite retomar factores biopsicosociales y establecer su importancia en los procesos de salud &#8211; enfermedad.<\/p>\n\n\n\n<p class=\"has-text-align-left has-black-color has-text-color\">Es as\u00ed como una inadecuada gesti\u00f3n de las emociones&nbsp; puede influir de manera negativa en nuestro estado de salud y es aqu\u00ed donde radica la importancia actual del enfoque multidisciplinario en el abordaje terap\u00e9utico de las enfermedades contemplando m\u00e1s que los aspectos som\u00e1ticos.<\/p>\n","protected":false},"excerpt":{"rendered":"<p>Un abordaje desde la Psiconeuroinmunoendrocrinolog\u00eda<\/p>\n","protected":false},"author":25,"featured_media":56,"comment_status":"open","ping_status":"open","sticky":false,"template":"","format":"standard","meta":{"_monsterinsights_skip_tracking":false,"_monsterinsights_sitenote_active":false,"_monsterinsights_sitenote_note":"","_monsterinsights_sitenote_category":0,"footnotes":""},"categories":[8],"tags":[],"class_list":["post-46","post","type-post","status-publish","format-standard","has-post-thumbnail","hentry","category-salud"],"_links":{"self":[{"href":"https:\/\/agenf.org\/palabras\/index.php\/wp-json\/wp\/v2\/posts\/46","targetHints":{"allow":["GET"]}}],"collection":[{"href":"https:\/\/agenf.org\/palabras\/index.php\/wp-json\/wp\/v2\/posts"}],"about":[{"href":"https:\/\/agenf.org\/palabras\/index.php\/wp-json\/wp\/v2\/types\/post"}],"author":[{"embeddable":true,"href":"https:\/\/agenf.org\/palabras\/index.php\/wp-json\/wp\/v2\/users\/25"}],"replies":[{"embeddable":true,"href":"https:\/\/agenf.org\/palabras\/index.php\/wp-json\/wp\/v2\/comments?post=46"}],"version-history":[{"count":3,"href":"https:\/\/agenf.org\/palabras\/index.php\/wp-json\/wp\/v2\/posts\/46\/revisions"}],"predecessor-version":[{"id":298,"href":"https:\/\/agenf.org\/palabras\/index.php\/wp-json\/wp\/v2\/posts\/46\/revisions\/298"}],"wp:featuredmedia":[{"embeddable":true,"href":"https:\/\/agenf.org\/palabras\/index.php\/wp-json\/wp\/v2\/media\/56"}],"wp:attachment":[{"href":"https:\/\/agenf.org\/palabras\/index.php\/wp-json\/wp\/v2\/media?parent=46"}],"wp:term":[{"taxonomy":"category","embeddable":true,"href":"https:\/\/agenf.org\/palabras\/index.php\/wp-json\/wp\/v2\/categories?post=46"},{"taxonomy":"post_tag","embeddable":true,"href":"https:\/\/agenf.org\/palabras\/index.php\/wp-json\/wp\/v2\/tags?post=46"}],"curies":[{"name":"wp","href":"https:\/\/api.w.org\/{rel}","templated":true}]}}