{"id":484,"date":"2025-02-27T23:21:30","date_gmt":"2025-02-27T23:21:30","guid":{"rendered":"https:\/\/agenf.org\/palabras\/?p=484"},"modified":"2025-02-27T23:21:31","modified_gmt":"2025-02-27T23:21:31","slug":"19-de-marzo-dia-de-san-jose","status":"publish","type":"post","link":"https:\/\/agenf.org\/palabras\/index.php\/2025\/02\/27\/19-de-marzo-dia-de-san-jose\/","title":{"rendered":"19 de marzo Dia de San jose"},"content":{"rendered":"\n<h2 class=\"wp-block-heading\">El D\u00eda de San Jos\u00e9 en Colombia: Una Celebraci\u00f3n de Fe y Tradici\u00f3n<\/h2>\n\n\n\n<p>El 19 de marzo es una fecha significativa en el calendario colombiano, ya que marca el D\u00eda de San Jos\u00e9, una celebraci\u00f3n que combina profundas ra\u00edces religiosas con vibrantes tradiciones culturales. San Jos\u00e9, conocido como el esposo de la Virgen Mar\u00eda y el padre adoptivo de Jes\u00fas, es venerado en Colombia como el patrono y protector del pa\u00eds. En este art\u00edculo, exploraremos el origen, el significado religioso, las tradiciones y el impacto econ\u00f3mico de esta festividad en Colombia.<\/p>\n\n\n\n<h2 class=\"wp-block-heading\">Or\u00edgenes y Significado Religioso<\/h2>\n\n\n\n<p>El D\u00eda de San Jos\u00e9 tiene sus ra\u00edces en la tradici\u00f3n cristiana, donde San Jos\u00e9 es considerado un modelo de virtud, humildad y trabajo honesto. Su papel en la historia de la salvaci\u00f3n es central, ya que se le atribuye la protecci\u00f3n y cuidado de la Sagrada Familia. En Colombia, esta celebraci\u00f3n no solo honra la vida y santidad de San Jos\u00e9, sino que tambi\u00e9n sirve como un recordatorio de la importancia de la familia en la fe cristiana.<\/p>\n\n\n\n<p>San Jos\u00e9 es venerado como un ejemplo de dedicaci\u00f3n y amor incondicional hacia su familia. Su silencio y humildad en la narrativa b\u00edblica lo convierten en un s\u00edmbolo de fortaleza y sacrificio, cualidades que son altamente valoradas en la cultura colombiana. Las iglesias de todo el pa\u00eds organizan misas especiales y actividades religiosas para conmemorar este d\u00eda, invitando a los fieles a reflexionar sobre su legado y a buscar su intercesi\u00f3n en momentos de necesidad.<\/p>\n\n\n\n<h2 class=\"wp-block-heading\">Tradiciones y Costumbres Colombianas<\/h2>\n\n\n\n<p>Aunque el D\u00eda de San Jos\u00e9 tiene un trasfondo religioso profundo, tambi\u00e9n est\u00e1 impregnado de tradiciones y costumbres seculares que reflejan la riqueza cultural de Colombia. Algunas de las tradiciones m\u00e1s destacadas incluyen:<\/p>\n\n\n\n<ul class=\"wp-block-list\">\n<li><strong>Celebraciones Religiosas<\/strong>: Se realizan misas y servicios religiosos en honor a San Jos\u00e9 en iglesias de todo el pa\u00eds. Los fieles acuden a estos lugares para orar y rendir homenaje al santo<a href=\"https:\/\/dias-festivos-colombia.org\/el-dia-de-san-jose-en-colombia\/\" target=\"_blank\" rel=\"noreferrer noopener\">1<\/a><a href=\"https:\/\/www.calendariodecolombia.com\/fechas\/dia-de-san-jose-y-dia-del-hombre-en-colombia\" target=\"_blank\" rel=\"noreferrer noopener\">3<\/a>.<\/li>\n\n\n\n<li><strong>Desfiles y Procesiones<\/strong>: En algunas ciudades y pueblos, se llevan a cabo desfiles y procesiones en honor a San Jos\u00e9. Los participantes suelen llevar im\u00e1genes del santo y realizar actos de fe y devoci\u00f3n durante el recorrido<a href=\"https:\/\/dias-festivos-colombia.org\/el-dia-de-san-jose-en-colombia\/\" target=\"_blank\" rel=\"noreferrer noopener\">1<\/a>.<\/li>\n\n\n\n<li><strong>Festivales y Eventos Culturales<\/strong>: Se organizan festivales y eventos culturales que incluyen m\u00fasica, danzas, ferias gastron\u00f3micas y actividades recreativas para toda la familia. Estas festividades son una oportunidad para disfrutar de la compa\u00f1\u00eda de seres queridos y fortalecer el sentido de identidad cultural<a href=\"https:\/\/dias-festivos-colombia.org\/el-dia-de-san-jose-en-colombia\/\" target=\"_blank\" rel=\"noreferrer noopener\">1<\/a><a href=\"https:\/\/www.calendariodecolombia.com\/fechas\/dia-de-san-jose-y-dia-del-hombre-en-colombia\" target=\"_blank\" rel=\"noreferrer noopener\">3<\/a>.<\/li>\n\n\n\n<li><strong>Actos de Caridad<\/strong>: La celebraci\u00f3n del D\u00eda de San Jos\u00e9 tambi\u00e9n incluye actos de caridad, reflejando el compromiso con el servicio a los dem\u00e1s que caracteriza a San Jos\u00e9<a href=\"https:\/\/dias-festivos-colombia.org\/el-dia-de-san-jose-en-colombia\/\" target=\"_blank\" rel=\"noreferrer noopener\">1<\/a>.<\/li>\n<\/ul>\n\n\n\n<p>Una de las tradiciones m\u00e1s arraigadas es la preparaci\u00f3n y el consumo de la famosa \u00absopa de mondongo\u00bb, un plato tradicional que se sirve en numerosos hogares colombianos durante esta festividad. Esta sopa, elaborada con tripas de res, verduras y especias, es considerada un manjar reconfortante y nutritivo, ideal para compartir en familia<a target=\"_blank\" rel=\"noreferrer noopener\" href=\"https:\/\/www.calendariodecolombia.com\/fechas\/dia-de-san-jose-y-dia-del-hombre-en-colombia\">3<\/a>.<\/p>\n\n\n\n<p>Otra costumbre popular es la elaboraci\u00f3n y venta de peque\u00f1as figuras de pan llamadas \u00abpanes de San Jos\u00e9\u00bb. Estas delicias, decoradas con az\u00facar y rellenas de dulce de guayaba o arequipe, son s\u00edmbolos de prosperidad y buena fortuna. Las panader\u00edas y pasteler\u00edas de todo el pa\u00eds se llenan de estos dulces artesanales, que se intercambian como regalos entre amigos y familiares<a target=\"_blank\" rel=\"noreferrer noopener\" href=\"https:\/\/www.calendariodecolombia.com\/fechas\/dia-de-san-jose-y-dia-del-hombre-en-colombia\">3<\/a>.<\/p>\n\n\n\n<h2 class=\"wp-block-heading\">Impacto en la Econom\u00eda Local<\/h2>\n\n\n\n<p>El D\u00eda de San Jos\u00e9 no solo es una festividad religiosa en Colombia, sino tambi\u00e9n un importante motor econ\u00f3mico que impulsa diversos sectores comerciales en todo el pa\u00eds. Desde la venta de productos tradicionales hasta el turismo religioso, esta celebraci\u00f3n tiene un impacto significativo en la econom\u00eda local, generando ingresos y oportunidades para miles de personas.<\/p>\n\n\n\n<p>Una de las \u00e1reas donde se observa un notable impacto econ\u00f3mico es en el sector agr\u00edcola. En las semanas previas al D\u00eda de San Jos\u00e9, los agricultores colombianos se preparan para satisfacer la demanda de productos frescos y flores que son parte integral de las celebraciones. Los mercados y supermercados se llenan de una amplia variedad de alimentos, desde frutas y verduras hasta carne y productos l\u00e1cteos, que se utilizan en la elaboraci\u00f3n de platos tradicionales como la sopa de mondongo<a target=\"_blank\" rel=\"noreferrer noopener\" href=\"https:\/\/www.calendariodecolombia.com\/fechas\/dia-de-san-jose-y-dia-del-hombre-en-colombia\">3<\/a>.<\/p>\n\n\n\n<p>Adem\u00e1s, la demanda de flores aumenta considerablemente, ya que se utilizan para decorar iglesias, altares y hogares como parte de las celebraciones religiosas. Esto beneficia a los floricultores locales, quienes ven un incremento en sus ventas durante este per\u00edodo.<\/p>\n\n\n\n<h2 class=\"wp-block-heading\">San Jos\u00e9 como Patr\u00f3n de los Trabajadores<\/h2>\n\n\n\n<p>En Colombia, San Jos\u00e9 tambi\u00e9n es venerado como el patr\u00f3n de los trabajadores. Su dedicaci\u00f3n al trabajo honesto y su compromiso con el servicio a los dem\u00e1s lo convierten en un modelo para aquellos que buscan inspiraci\u00f3n en su labor diaria. En un pa\u00eds donde el trabajo desempe\u00f1a un papel central en la vida cotidiana, la figura de San Jos\u00e9 adquiere una relevancia especial para los trabajadores, quienes buscan en \u00e9l un ejemplo de perseverancia y \u00e9tica laboral<a target=\"_blank\" rel=\"noreferrer noopener\" href=\"https:\/\/www.calendariodecolombia.com\/fechas\/dia-de-san-jose-y-dia-del-hombre-en-colombia\">3<\/a>.<\/p>\n\n\n\n<h2 class=\"wp-block-heading\">Conclusi\u00f3n<\/h2>\n\n\n\n<p>El D\u00eda de San Jos\u00e9 en Colombia es una celebraci\u00f3n que combina fe, tradici\u00f3n y cultura de manera \u00fanica. A trav\u00e9s de sus profundas ra\u00edces religiosas y sus vibrantes tradiciones culturales, esta festividad refleja la riqueza espiritual y social del pa\u00eds. Adem\u00e1s de su impacto religioso y cultural, el D\u00eda de San Jos\u00e9 tambi\u00e9n juega un papel importante en la econom\u00eda local, impulsando sectores como la agricultura y el turismo religioso.<\/p>\n\n\n\n<p>En resumen, el D\u00eda de San Jos\u00e9 es una ocasi\u00f3n para honrar la memoria de este santo patr\u00f3n, buscar su intercesi\u00f3n en momentos de necesidad y celebrar la importancia de la familia y el trabajo honesto en la sociedad colombiana. Su legado contin\u00faa siendo una fuente de inspiraci\u00f3n para millones de colombianos, quienes encuentran en su ejemplo un modelo de vida virtuosa y dedicada al bienestar de los dem\u00e1s.<\/p>\n","protected":false},"excerpt":{"rendered":"<p>El D\u00eda de San Jos\u00e9 en Colombia: Una Celebraci\u00f3n de Fe y Tradici\u00f3n El 19 de marzo es una fecha significativa en el calendario colombiano, ya que marca el D\u00eda de San Jos\u00e9, una celebraci\u00f3n que combina profundas ra\u00edces religiosas con vibrantes tradiciones culturales. San Jos\u00e9, conocido como el esposo de la Virgen Mar\u00eda y [&hellip;]<\/p>\n","protected":false},"author":1,"featured_media":485,"comment_status":"open","ping_status":"open","sticky":false,"template":"","format":"standard","meta":{"_monsterinsights_skip_tracking":false,"_monsterinsights_sitenote_active":false,"_monsterinsights_sitenote_note":"","_monsterinsights_sitenote_category":0,"footnotes":""},"categories":[24],"tags":[],"class_list":["post-484","post","type-post","status-publish","format-standard","has-post-thumbnail","hentry","category-cultural"],"_links":{"self":[{"href":"https:\/\/agenf.org\/palabras\/index.php\/wp-json\/wp\/v2\/posts\/484","targetHints":{"allow":["GET"]}}],"collection":[{"href":"https:\/\/agenf.org\/palabras\/index.php\/wp-json\/wp\/v2\/posts"}],"about":[{"href":"https:\/\/agenf.org\/palabras\/index.php\/wp-json\/wp\/v2\/types\/post"}],"author":[{"embeddable":true,"href":"https:\/\/agenf.org\/palabras\/index.php\/wp-json\/wp\/v2\/users\/1"}],"replies":[{"embeddable":true,"href":"https:\/\/agenf.org\/palabras\/index.php\/wp-json\/wp\/v2\/comments?post=484"}],"version-history":[{"count":1,"href":"https:\/\/agenf.org\/palabras\/index.php\/wp-json\/wp\/v2\/posts\/484\/revisions"}],"predecessor-version":[{"id":486,"href":"https:\/\/agenf.org\/palabras\/index.php\/wp-json\/wp\/v2\/posts\/484\/revisions\/486"}],"wp:featuredmedia":[{"embeddable":true,"href":"https:\/\/agenf.org\/palabras\/index.php\/wp-json\/wp\/v2\/media\/485"}],"wp:attachment":[{"href":"https:\/\/agenf.org\/palabras\/index.php\/wp-json\/wp\/v2\/media?parent=484"}],"wp:term":[{"taxonomy":"category","embeddable":true,"href":"https:\/\/agenf.org\/palabras\/index.php\/wp-json\/wp\/v2\/categories?post=484"},{"taxonomy":"post_tag","embeddable":true,"href":"https:\/\/agenf.org\/palabras\/index.php\/wp-json\/wp\/v2\/tags?post=484"}],"curies":[{"name":"wp","href":"https:\/\/api.w.org\/{rel}","templated":true}]}}