{"id":542,"date":"2025-11-10T17:12:13","date_gmt":"2025-11-10T17:12:13","guid":{"rendered":"https:\/\/agenf.org\/palabras\/?p=542"},"modified":"2025-11-10T17:12:14","modified_gmt":"2025-11-10T17:12:14","slug":"un-cambio-en-la-historia-laboral-colombiana","status":"publish","type":"post","link":"https:\/\/agenf.org\/palabras\/index.php\/2025\/11\/10\/un-cambio-en-la-historia-laboral-colombiana\/","title":{"rendered":"Un cambio en\u00a0la historia laboral\u00a0colombiana"},"content":{"rendered":"\n<p>Eran las 10 de la ma\u00f1ana en la Casa Museo Quinta de Bol\u00edvar, donde el presidente Gustavo Petro oficializaba ante un auditorio expectante la sanci\u00f3n de la Ley 2466 de 2025. La ciudad de Bogot\u00e1 parec\u00eda suspendida en un silencio reflexivo, consciente de que este acto rubricaba uno de los mayores cambios del derecho laboral colombiano en d\u00e9cadas. Trabajadores, empleadores, sindicatos y expertos ya analizaban, desde hac\u00eda semanas, el impacto que tendr\u00eda en la vida cotidiana, en la productividad y, sobre todo, en la dignidad del trabajo nacional.<a rel=\"noreferrer noopener\" target=\"_blank\" href=\"https:\/\/kpmg.com\/co\/es\/home\/insights\/2025\/07\/lo-que-debes-saber-sobre-la-reforma-laboral-en-colombia.html\"><\/a>\u200b<\/p>\n\n\n\n<h2 class=\"wp-block-heading\" id=\"contrato-indefinido-como-norma-la-estabilidad-ansi\">Contrato indefinido como norma, la estabilidad ansiada<\/h2>\n\n\n\n<p>La esencia de la reforma podr\u00eda condensarse en una palabra: estabilidad. Desde julio de 2025, la modalidad principal de los contratos pas\u00f3 a ser la de t\u00e9rmino indefinido. El contrato a t\u00e9rmino fijo \u2014hist\u00f3ricamente fuente de incertidumbre para millones\u2014 qued\u00f3 limitado a un m\u00e1ximo de cuatro a\u00f1os, y, si venc\u00eda sin interrupci\u00f3n, se convert\u00eda autom\u00e1ticamente en indefinido. Esta medida busc\u00f3 reducir la precariedad laboral y dar un mensaje claro a los empleadores: la norma deb\u00eda ser que los trabajadores no tuvieran que vivir en zozobra por la renovaci\u00f3n de su empleo.<a rel=\"noreferrer noopener\" target=\"_blank\" href=\"https:\/\/uninavarra.edu.co\/uncategorized\/ley-2466-de-2025-reforma-laboral-en-colombia\/\"><\/a>\u200b<\/p>\n\n\n\n<h2 class=\"wp-block-heading\" id=\"jornada-laboral-progresivamente-reducida\">Jornada laboral progresivamente reducida<\/h2>\n\n\n\n<p>Uno de los anuncios m\u00e1s celebrados fue la reducci\u00f3n gradual de la jornada semanal. Desde el 15 de julio de 2025, la semana laboral se estableci\u00f3 en 44 horas, con el compromiso de disminuir dos horas m\u00e1s para 2026, sin afectar el salario. \u00abEs un paso hacia el equilibrio entre la vida personal y profesional\u00bb, afirmaron l\u00edderes sindicales, que recordaban la larga lucha por una jornada justa y saludable. Las nuevas normas tambi\u00e9n establecieron la jornada diurna de 6 a.m. a 7 p.m. y la nocturna de 7 p.m. a 6 a.m., con recargos mejorados para proteger la salud f\u00edsica y mental.<a rel=\"noreferrer noopener\" target=\"_blank\" href=\"https:\/\/www.ey.com\/es_co\/insights\/tax\/reforma-laboral-2025-colombia-cambios-obligaciones-empresas\"><\/a>\u200b<\/p>\n\n\n\n<h2 class=\"wp-block-heading\" id=\"salarios-y-recargos-una-reivindicacin-de-derechos\">Salarios y recargos: una reivindicaci\u00f3n de derechos<\/h2>\n\n\n\n<p>La reforma estableci\u00f3 una subida progresiva en los recargos por trabajo en dominicales y festivos: 80% para 2025, 90% para 2026 y 100% a partir de 2027. Esta medida, largamente solicitada por quienes sostienen servicios esenciales durante fines de semana y feriados, busc\u00f3 reconocer el desgaste y sacrificio que implica laborar en jornadas excepcionales. \u201cPor fin se igualan los derechos a la realidad de quienes nunca paran\u201d, dijo Marcos, enfermero en un hospital de Medell\u00edn.<a rel=\"noreferrer noopener\" target=\"_blank\" href=\"https:\/\/www.mintrabajo.gov.co\/la-reforma-laboral-ya-es-la-ley-2466-del-25-de-junio\"><\/a>\u200b<\/p>\n\n\n\n<h2 class=\"wp-block-heading\" id=\"inclusin-y-equidad-en-el-mundo-del-trabajo\">Inclusi\u00f3n y equidad en el mundo del trabajo<\/h2>\n\n\n\n<p>La Ley 2466 marc\u00f3 un hito en inclusi\u00f3n. Estableci\u00f3 cuotas obligatorias para emplear personas con discapacidad e impuls\u00f3 protecciones para mujeres rurales, trabajadoras de plataformas digitales, migrantes y minor\u00edas \u00e9tnicas. Una de las voces m\u00e1s celebradas fue la de Paola, l\u00edder comunitaria, quien destac\u00f3: \u201cPor primera vez sentimos que la ley nos pone en la agenda nacional y nos reconoce como sujetos de derechos\u201d.<a rel=\"noreferrer noopener\" target=\"_blank\" href=\"https:\/\/uninavarra.edu.co\/uncategorized\/ley-2466-de-2025-reforma-laboral-en-colombia\/\"><\/a>\u200b<\/p>\n\n\n\n<h2 class=\"wp-block-heading\" id=\"plataformas-digitales-formalizacin-y-cobertura\">Plataformas digitales: formalizaci\u00f3n y cobertura<\/h2>\n\n\n\n<p>El auge de las aplicaciones de reparto y de servicios trajo consigo retos in\u00e9ditos. La reforma oblig\u00f3 a que las plataformas reconocieran la relaci\u00f3n laboral y contribuyeran con el 60% de la seguridad social de sus trabajadores, quienes hasta entonces quedaban muchas veces desprotegidos. \u201cYa no somos invisibles, ahora somos parte del sistema y podemos exigir condiciones dignas\u201d, relat\u00f3 Javier, repartidor en Cali.<a rel=\"noreferrer noopener\" target=\"_blank\" href=\"https:\/\/kpmg.com\/co\/es\/home\/insights\/2025\/07\/lo-que-debes-saber-sobre-la-reforma-laboral-en-colombia.html\"><\/a>\u200b<\/p>\n\n\n\n<h2 class=\"wp-block-heading\" id=\"salud-ocupacional-asegurando-el-bienestar-integral\">Salud ocupacional: asegurando el bienestar integral<\/h2>\n\n\n\n<p>Hablar de reforma laboral es hablar tambi\u00e9n de salud ocupacional. Los nuevos lineamientos refuerzan la obligaci\u00f3n empresarial de participar activamente en la prevenci\u00f3n, detecci\u00f3n y manejo de riesgos laborales. El fortalecimiento institucional permite al Ministerio de Trabajo imponer sanciones m\u00e1s severas a quienes incumplan las normas de seguridad y salud en el trabajo. Esto incluye la vigilancia de condiciones ergon\u00f3micas, pausas activas y acceso a servicios m\u00e9dicos para prevenir enfermedades profesionales, desde las m\u00e1s silenciosas hasta las m\u00e1s letales.<a rel=\"noreferrer noopener\" target=\"_blank\" href=\"https:\/\/intersaludocupacional.com\/reforma-laboral-en-colombia\/\"><\/a>\u200b<\/p>\n\n\n\n<h2 class=\"wp-block-heading\" id=\"procesos-disciplinarios-y-derechos-del-aprendiz\">Procesos disciplinarios y derechos del aprendiz<\/h2>\n\n\n\n<p>En cuanto a la relaci\u00f3n empresa-aprendiz, el nuevo marco legal otorg\u00f3 m\u00e1s garant\u00edas: la contrataci\u00f3n est\u00e1 sujeta a reglas claras, objetivos formativos y afiliaci\u00f3n plena al sistema de seguridad social. Adem\u00e1s, en procesos disciplinarios, las empresas ahora deben cumplir m\u00ednimo siete etapas, protegiendo los derechos del trabajador y evitando arbitrariedades.<a rel=\"noreferrer noopener\" target=\"_blank\" href=\"https:\/\/actualicese.com\/reforma-laboral-que-cambia-con-la-ley-2466-de-2025\/\"><\/a>\u200b<\/p>\n\n\n\n<h2 class=\"wp-block-heading\" id=\"reto-empresarial-y-nuevo-pacto-social\">Reto empresarial y nuevo pacto social<\/h2>\n\n\n\n<p>La reforma no fue solo una victoria del movimiento laboral; supuso tambi\u00e9n un desaf\u00edo para los empresarios, obligados a replantear pol\u00edticas internas, contratos y hasta la cultura organizacional. La meta: garantizar el cumplimiento de la ley y prevenir contingencias legales, al mismo tiempo que se mantiene la eficiencia de los procesos y la sostenibilidad de las operaciones.<a rel=\"noreferrer noopener\" target=\"_blank\" href=\"https:\/\/www.ey.com\/es_co\/insights\/tax\/reforma-laboral-2025-colombia-cambios-obligaciones-empresas\"><\/a>\u200b<\/p>\n\n\n\n<h2 class=\"wp-block-heading\" id=\"perspectivas-y-futuro\">Perspectivas y futuro<\/h2>\n\n\n\n<p>A varios meses de su entrada en vigor, la Ley 2466 sigue generando debates apasionados. Algunos celebran la recuperaci\u00f3n de derechos hist\u00f3ricos y la ampliaci\u00f3n de garant\u00edas; otros advierten sobre mayores costos y rigideces. Sin embargo, en un pa\u00eds que aspiraba al trabajo decente y la equidad, la reforma signific\u00f3 un parteaguas ineludible. La verdadera medida de su \u00e9xito se jugar\u00e1 en las f\u00e1bricas, oficinas, hospitales y plataformas: all\u00ed donde la salud, el bienestar y la dignidad de millones de trabajadores encuentran, por fin, una nueva oportunidad.<\/p>\n","protected":false},"excerpt":{"rendered":"<p>Eran las 10 de la ma\u00f1ana en la Casa Museo Quinta de Bol\u00edvar, donde el presidente Gustavo Petro oficializaba ante un auditorio expectante la sanci\u00f3n de la Ley 2466 de 2025. La ciudad de Bogot\u00e1 parec\u00eda suspendida en un silencio reflexivo, consciente de que este acto rubricaba uno de los mayores cambios del derecho laboral [&hellip;]<\/p>\n","protected":false},"author":43,"featured_media":543,"comment_status":"open","ping_status":"open","sticky":false,"template":"","format":"standard","meta":{"_monsterinsights_skip_tracking":false,"_monsterinsights_sitenote_active":false,"_monsterinsights_sitenote_note":"","_monsterinsights_sitenote_category":0,"footnotes":""},"categories":[5,8],"tags":[],"class_list":["post-542","post","type-post","status-publish","format-standard","has-post-thumbnail","hentry","category-politica","category-salud"],"_links":{"self":[{"href":"https:\/\/agenf.org\/palabras\/index.php\/wp-json\/wp\/v2\/posts\/542","targetHints":{"allow":["GET"]}}],"collection":[{"href":"https:\/\/agenf.org\/palabras\/index.php\/wp-json\/wp\/v2\/posts"}],"about":[{"href":"https:\/\/agenf.org\/palabras\/index.php\/wp-json\/wp\/v2\/types\/post"}],"author":[{"embeddable":true,"href":"https:\/\/agenf.org\/palabras\/index.php\/wp-json\/wp\/v2\/users\/43"}],"replies":[{"embeddable":true,"href":"https:\/\/agenf.org\/palabras\/index.php\/wp-json\/wp\/v2\/comments?post=542"}],"version-history":[{"count":1,"href":"https:\/\/agenf.org\/palabras\/index.php\/wp-json\/wp\/v2\/posts\/542\/revisions"}],"predecessor-version":[{"id":544,"href":"https:\/\/agenf.org\/palabras\/index.php\/wp-json\/wp\/v2\/posts\/542\/revisions\/544"}],"wp:featuredmedia":[{"embeddable":true,"href":"https:\/\/agenf.org\/palabras\/index.php\/wp-json\/wp\/v2\/media\/543"}],"wp:attachment":[{"href":"https:\/\/agenf.org\/palabras\/index.php\/wp-json\/wp\/v2\/media?parent=542"}],"wp:term":[{"taxonomy":"category","embeddable":true,"href":"https:\/\/agenf.org\/palabras\/index.php\/wp-json\/wp\/v2\/categories?post=542"},{"taxonomy":"post_tag","embeddable":true,"href":"https:\/\/agenf.org\/palabras\/index.php\/wp-json\/wp\/v2\/tags?post=542"}],"curies":[{"name":"wp","href":"https:\/\/api.w.org\/{rel}","templated":true}]}}