{"id":70,"date":"2022-06-23T17:53:56","date_gmt":"2022-06-23T17:53:56","guid":{"rendered":"http:\/\/agenf.org\/lapalabra\/?p=70"},"modified":"2022-07-09T05:40:34","modified_gmt":"2022-07-09T05:40:34","slug":"como-me-entere-que-aun-no-le-tocaba","status":"publish","type":"post","link":"https:\/\/agenf.org\/palabras\/index.php\/2022\/06\/23\/como-me-entere-que-aun-no-le-tocaba\/","title":{"rendered":"Como me entere que a\u00fan no le tocaba"},"content":{"rendered":"\n<h2 class=\"has-pale-pink-color has-text-color has-medium-font-size wp-block-heading\">Por: Monica Alejandra Bernal Cortez<\/h2>\n\n\n\n<p class=\"has-text-align-left\">Empezar\u00eda contando algo lindo, por ejemplo, c\u00f3mo inicio mi d\u00eda, describir\u00eda el paisaje que se ve desde mi casa, que estaba comiendo en ese momento, en fin \u2026, pero ser\u00eda restarle importancia a lo que realmente paso y de c\u00f3mo me entere de tan triste, pero a la vez feliz noticia que ese d\u00eda me contaron. Si, estaba en mi casa, y s\u00ed estaba comiendo algo\u2026creo que pizza, y estaba con mi madre, quien empezar\u00eda a contarme un suceso tan incre\u00edble e irreal que pens\u00e9 en ese momento que cre\u00ed era una especie de cuento. Inicio diciendo que fue algo traum\u00e1tico y que la volvi\u00f3 un poco asustadiza, eso hizo que yo le prestara la suficiente atenci\u00f3n, pues me encanta el terror y mas aun las historias de este tipo. Ya teniendo mi atenci\u00f3n empez\u00f3 con su relato\u2026 fue un viernes en la noche, en casa de su madre en el barrio los muiscas de la ciudad de Tunja, eran cerca de las 1130 de la noche mientras dorm\u00eda en su cama justo al lado donde dorm\u00eda su hija; ya llevaba un tiempo durmiendo pero algo inesperado sinti\u00f3, se despert\u00f3 y vio que en su cama a los pies cerca a la puerta se encontraba un hombre grande, vestido de negro de los pies a la cabeza, y usaba un sombrero que no le dejaba reflejar su rostro, ella muy impactada de lo que ve\u00eda, pues no reconoc\u00eda quien era y solo viv\u00edan all\u00ed su Madre y su hija quedo un poco inm\u00f3vil de cuerpo pero su coraz\u00f3n estaba que se sal\u00eda.<\/p>\n\n\n<div class=\"wp-block-image\">\n<figure class=\"alignright size-full\"><img loading=\"lazy\" decoding=\"async\" width=\"205\" height=\"246\" src=\"http:\/\/agenf.org\/lapalabra\/wp-content\/uploads\/2022\/06\/image-4.png\" alt=\"\" class=\"wp-image-71\"\/><\/figure>\n<\/div>\n\n\n<p class=\"has-text-align-left\">No se sabe si fue el rostro que ella reflejo pero ese \u201cse\u00f1or\u201d solamente le dijo \u201coye, en la ma\u00f1ana nos vamos\u201d, a lo que ella titubeando intento responder mientras miraba a su hija de 4 a\u00f1os dormir tranquila en la otra cama junto a la suya\u2026\u201dyo sin mi hija no me voy\u201d; al voltear de nuevo a ver al \u201cse\u00f1or\u201d, noto que este ya no estaba, muy angustiada por lo que acaba de o\u00edr y ver, salto de la cama r\u00e1pido y fue directo al ba\u00f1o, quiz\u00e1 crey\u00f3 que estaba dormida y que solo fue un sue\u00f1o, pero al refrescarse la cara con agua su rostro denotaba un tono p\u00e1lido, tenia mas marcadas las ojeras, casi los ojos salidos de las cuencas, y una nariz aguile\u00f1a que termino de espantarla. Cuando quito la toalla de su rostro grito tan fuerte que su madre se despert\u00f3 y sali\u00f3 del cuarto corriendo a ver que suced\u00eda al tiempo que ella se desvanec\u00eda en el piso. Luego de 3 d\u00edas al abrir los ojos y ver paredes blancas, cortinas blancas y muchas maquinas conectadas a ella y de escuchar pitidos y gente hablando a su alrededor vestidos de batas blancas supo que estaba en un hospital, despu\u00e9s de horas y horas hablando con las personas de bata blanca y de ver el rostro de su madre que, aunque feliz por el despertar de ella en su cara se reflejaba una cierta expresi\u00f3n de incertidumbre y temor\u2026. Le dijeron que a partir de ese momento tendr\u00eda que depender de un medicamento para vivir, un medicamento que tendr\u00eda que aplic\u00e1rselo diariamente, 3 veces al d\u00eda, pues su cuerpo- el p\u00e1ncreas-hab\u00eda dejado de producir la insulina \u2026. Fue ah\u00ed cuando record\u00f3 aquel hombre que estuvo cerca a sus pies esa noche y las palabras que le dijo\u2026\u201d en la ma\u00f1ana nos vamos\u201d \u2026. palabras que significaban que si ella hubiese seguido dormida quiz\u00e1 sus ojos nunca se hubiesen vuelto a abrir, y aunque han pasado ya 22 a\u00f1os de esa noticia y de ese cambio que abruptamente llego a su vida\u2026. as\u00ed me entere que aun no le tocaba la hora de partir\u2026<\/p>\n\n\n\n<p><\/p>\n\n\n<div class=\"wp-block-image\">\n<figure class=\"aligncenter size-full\"><img loading=\"lazy\" decoding=\"async\" width=\"235\" height=\"215\" src=\"http:\/\/agenf.org\/lapalabra\/wp-content\/uploads\/2022\/06\/image-5.png\" alt=\"\" class=\"wp-image-72\"\/><\/figure>\n<\/div>","protected":false},"excerpt":{"rendered":"<p>Empezar\u00eda contando algo lindo, por ejemplo, c\u00f3mo inicio mi d\u00eda, describir\u00eda el paisaje que se ve desde mi casa, que estaba comiendo en ese momento, en fin \u2026, pero ser\u00eda restarle importancia a lo que realmente paso y de c\u00f3mo me entere de tan triste, pero a la vez feliz noticia que ese d\u00eda me contaron.<\/p>\n","protected":false},"author":20,"featured_media":71,"comment_status":"closed","ping_status":"closed","sticky":false,"template":"","format":"standard","meta":{"_monsterinsights_skip_tracking":false,"_monsterinsights_sitenote_active":false,"_monsterinsights_sitenote_note":"","_monsterinsights_sitenote_category":0,"footnotes":""},"categories":[24],"tags":[],"class_list":["post-70","post","type-post","status-publish","format-standard","has-post-thumbnail","hentry","category-cultural"],"_links":{"self":[{"href":"https:\/\/agenf.org\/palabras\/index.php\/wp-json\/wp\/v2\/posts\/70","targetHints":{"allow":["GET"]}}],"collection":[{"href":"https:\/\/agenf.org\/palabras\/index.php\/wp-json\/wp\/v2\/posts"}],"about":[{"href":"https:\/\/agenf.org\/palabras\/index.php\/wp-json\/wp\/v2\/types\/post"}],"author":[{"embeddable":true,"href":"https:\/\/agenf.org\/palabras\/index.php\/wp-json\/wp\/v2\/users\/20"}],"replies":[{"embeddable":true,"href":"https:\/\/agenf.org\/palabras\/index.php\/wp-json\/wp\/v2\/comments?post=70"}],"version-history":[{"count":3,"href":"https:\/\/agenf.org\/palabras\/index.php\/wp-json\/wp\/v2\/posts\/70\/revisions"}],"predecessor-version":[{"id":166,"href":"https:\/\/agenf.org\/palabras\/index.php\/wp-json\/wp\/v2\/posts\/70\/revisions\/166"}],"wp:featuredmedia":[{"embeddable":true,"href":"https:\/\/agenf.org\/palabras\/index.php\/wp-json\/wp\/v2\/media\/71"}],"wp:attachment":[{"href":"https:\/\/agenf.org\/palabras\/index.php\/wp-json\/wp\/v2\/media?parent=70"}],"wp:term":[{"taxonomy":"category","embeddable":true,"href":"https:\/\/agenf.org\/palabras\/index.php\/wp-json\/wp\/v2\/categories?post=70"},{"taxonomy":"post_tag","embeddable":true,"href":"https:\/\/agenf.org\/palabras\/index.php\/wp-json\/wp\/v2\/tags?post=70"}],"curies":[{"name":"wp","href":"https:\/\/api.w.org\/{rel}","templated":true}]}}