{"id":87,"date":"2022-06-24T03:19:46","date_gmt":"2022-06-24T03:19:46","guid":{"rendered":"http:\/\/agenf.org\/lapalabra\/?p=87"},"modified":"2022-07-09T00:07:44","modified_gmt":"2022-07-09T00:07:44","slug":"acidente-minero-una-carrera-contra-el-tiempo","status":"publish","type":"post","link":"https:\/\/agenf.org\/palabras\/index.php\/2022\/06\/24\/acidente-minero-una-carrera-contra-el-tiempo\/","title":{"rendered":"Accidente Minero \u00abUna carrera contra el Tiempo\u00bb"},"content":{"rendered":"\n<p><strong><em><mark style=\"background-color:rgba(0, 0, 0, 0)\" class=\"has-inline-color has-vivid-red-color\">Por: Laura Espitia<\/mark><\/em><\/strong><\/p>\n\n\n\n<p>Martes 20 de octubre del a\u00f1o 2020, tres mineros quedaron atrapados en el interior de la Mina de Carb\u00f3n el porvenir 2 de la vereda de Santa Rita en el municipio de Tuta Boyac\u00e1,&nbsp; accidente que tuvo lugar a las 10:00 de la ma\u00f1ana y fue reportado a las 6:30 de la tarde.&nbsp;<\/p>\n\n\n\n<p>Al d\u00eda siguiente el desconcierto, la incertidumbre y el miedo se apoderaron de los familiares, amigos y conocidos, que iban llegando poco a poco alrededor de la mina. Transcurr\u00edan las horas y no se sab\u00eda nada de los tres mineros, no se ten\u00eda se\u00f1al de vida de ninguno. Tambien llego el alcalde del municipio de Paipa y de Tuta, los miembros del Sistema Departamental de Gesti\u00f3n de Riesgo de Desastres: Defensa Civil, Cruz Roja, Bomberos y entidades operativas como Polic\u00eda Nacional a trav\u00e9s de sus efectivos y del Gaula, los miembros de la Agencia Nacional de Miner\u00eda y la Cooperativa Minera llegaron a la mina donde se empezaron a realizar y a planear todas y cada una de las actividades de rescate.&nbsp;<\/p>\n\n\n\n<figure class=\"wp-block-image size-large\"><img loading=\"lazy\" decoding=\"async\" width=\"1024\" height=\"565\" src=\"http:\/\/agenf.org\/lapalabra\/wp-content\/uploads\/2022\/06\/Screenshot_20220625-115532_Facebook-1024x565.jpg\" alt=\"\" class=\"wp-image-109\" srcset=\"https:\/\/agenf.org\/palabras\/wp-content\/uploads\/2022\/06\/Screenshot_20220625-115532_Facebook-1024x565.jpg 1024w, https:\/\/agenf.org\/palabras\/wp-content\/uploads\/2022\/06\/Screenshot_20220625-115532_Facebook-300x166.jpg 300w, https:\/\/agenf.org\/palabras\/wp-content\/uploads\/2022\/06\/Screenshot_20220625-115532_Facebook-768x424.jpg 768w, https:\/\/agenf.org\/palabras\/wp-content\/uploads\/2022\/06\/Screenshot_20220625-115532_Facebook.jpg 1080w\" sizes=\"auto, (max-width: 1024px) 100vw, 1024px\" \/><figcaption>Tomada de 7N noticias<\/figcaption><\/figure>\n\n\n\n<p>Se empezaban a escuchar rumores de que posiblemente los mineros ya estaban muertos puesto que se encontraban a m\u00e1s de 40 metros de profundidad y la humedad de la mina disminuye las posibilidades de sobrevivir en un accidente de esta magnitud. Omaira la madre de uno de los mineros m\u00e1s j\u00f3venes que se encontraban debajo de los escombros empez\u00f3 a coordinar una olla comunitaria con el fin de proporcionar alimento a todos y cada uno de los mineros y dem\u00e1s personas que estaban trabajando sin descanso para poder rescatarlos con vida y tambi\u00e9n buscaba el modo de poder ocupar sus pensamientos y que el desespero no se apoderara de ella. <\/p>\n\n\n\n<p>En horas de la tarde por medio de una de las mangueras se escuch\u00f3 una voz, hecho que puede hacer volver el alma al cuerpo a cada uno de los familiares, amigos y conocidos, el saber que estaban vivos y que al parecer se encontraban en bien y sin lesiones, hizo que las esperanzas aumentaron y las ganas de trabajar m\u00e1s para lograrlos sacar pronto, ya que entre m\u00e1s tiempo pasa m\u00e1s riesgo hay de que su estado de salud se deteriore a\u00fan m\u00e1s este y todos los rescates mineros se podr\u00eda decir que es una carrera contra el tiempo, donde este no es un factor de ayuda sino todo lo contrario un factor de riesgo potencial que disminuye la posibilidad de salir con vida.&nbsp;<\/p>\n\n\n\n<p>Cuatro d\u00edas de incertidumbre, desesperanza, temor pero tambi\u00e9n de ayuda comunitaria, donde se ve\u00eda la empat\u00eda entre los habitantes cercanos a la mina, entre familiares y amigos; pero tambi\u00e9n mientras unos anhelaban volver a ver a los mineros que se encontraban all\u00ed, otros seg\u00fan rumores se podr\u00eda decir que esperaban con ansias la muerte de ellos debido a herencias, rencores o disputas.&nbsp;<\/p>\n\n\n\n<p>Finalmente despu\u00e9s de tanta espera, discusiones entre mineros y los ingenieros, se lleg\u00f3 el momento tan anhelado de muchos lograron llegar a donde se encontraban los tres mineros el 23 de octubre del a\u00f1o 2020 en horas del mediod\u00eda salieron del hueco los tres mineros, aquellos mineros que lograron estar estables solamente con agua y con un almuerzo con el que hab\u00eda ingresado uno de los mineros. Omaira una de las madres de los mineros al ver a su hijo fuera de la mina dijo &#8211; me siento como si lo hubiera vuelto a ver nacer-, los recibieron como h\u00e9roes entre abrazos y l\u00e1grimas finalmente termin\u00f3 tanta espera, logrando vencer la carrera contra el tiempo.&nbsp;&nbsp;<\/p>\n\n\n\n<p>&#8211; N.E<\/p>\n\n\n\n<p>Video de la salida de los tres mineros. Tomado por uno de los mineros que ayudo en el rescate. Disponible en el siguiente link: <a href=\"https:\/\/youtu.be\/FtMXv7iO7lI\">https:\/\/youtu.be\/FtMXv7iO7lI<\/a><\/p>\n\n\n\n<figure class=\"wp-block-embed is-type-video is-provider-youtube wp-block-embed-youtube wp-embed-aspect-16-9 wp-has-aspect-ratio\"><div class=\"wp-block-embed__wrapper\">\n<iframe loading=\"lazy\" title=\"Video de la salida de los tres mineros\" width=\"640\" height=\"360\" src=\"https:\/\/www.youtube.com\/embed\/FtMXv7iO7lI?feature=oembed\" frameborder=\"0\" allow=\"accelerometer; autoplay; clipboard-write; encrypted-media; gyroscope; picture-in-picture; web-share\" referrerpolicy=\"strict-origin-when-cross-origin\" allowfullscreen><\/iframe>\n<\/div><\/figure>\n","protected":false},"excerpt":{"rendered":"<p>Se empezaban a escuchar rumores de que posiblemente los mineros ya estaban muertos puesto que se encontraban a m\u00e1s de 40 metros de profundidad y la humedad de la mina disminuye las posibilidades de sobrevivir en un accidente de esta magnitud. Omaira la madre de uno de los mineros m\u00e1s j\u00f3venes que se encontraban debajo de los escombros empez\u00f3 a coordinar una olla comunitaria con el fin de proporcionar alimento a todos y cada uno de los mineros y dem\u00e1s personas que estaban trabajando sin descanso para poder rescatarlos con vida y tambi\u00e9n buscaba el modo de poder ocupar sus pensamientos y que el desespero no se apoderara de ella. <\/p>\n","protected":false},"author":8,"featured_media":109,"comment_status":"closed","ping_status":"closed","sticky":false,"template":"","format":"standard","meta":{"_monsterinsights_skip_tracking":false,"_monsterinsights_sitenote_active":false,"_monsterinsights_sitenote_note":"","_monsterinsights_sitenote_category":0,"footnotes":""},"categories":[13],"tags":[],"class_list":["post-87","post","type-post","status-publish","format-standard","has-post-thumbnail","hentry","category-mineria"],"_links":{"self":[{"href":"https:\/\/agenf.org\/palabras\/index.php\/wp-json\/wp\/v2\/posts\/87","targetHints":{"allow":["GET"]}}],"collection":[{"href":"https:\/\/agenf.org\/palabras\/index.php\/wp-json\/wp\/v2\/posts"}],"about":[{"href":"https:\/\/agenf.org\/palabras\/index.php\/wp-json\/wp\/v2\/types\/post"}],"author":[{"embeddable":true,"href":"https:\/\/agenf.org\/palabras\/index.php\/wp-json\/wp\/v2\/users\/8"}],"replies":[{"embeddable":true,"href":"https:\/\/agenf.org\/palabras\/index.php\/wp-json\/wp\/v2\/comments?post=87"}],"version-history":[{"count":10,"href":"https:\/\/agenf.org\/palabras\/index.php\/wp-json\/wp\/v2\/posts\/87\/revisions"}],"predecessor-version":[{"id":158,"href":"https:\/\/agenf.org\/palabras\/index.php\/wp-json\/wp\/v2\/posts\/87\/revisions\/158"}],"wp:featuredmedia":[{"embeddable":true,"href":"https:\/\/agenf.org\/palabras\/index.php\/wp-json\/wp\/v2\/media\/109"}],"wp:attachment":[{"href":"https:\/\/agenf.org\/palabras\/index.php\/wp-json\/wp\/v2\/media?parent=87"}],"wp:term":[{"taxonomy":"category","embeddable":true,"href":"https:\/\/agenf.org\/palabras\/index.php\/wp-json\/wp\/v2\/categories?post=87"},{"taxonomy":"post_tag","embeddable":true,"href":"https:\/\/agenf.org\/palabras\/index.php\/wp-json\/wp\/v2\/tags?post=87"}],"curies":[{"name":"wp","href":"https:\/\/api.w.org\/{rel}","templated":true}]}}