{"id":96,"date":"2022-06-24T04:31:01","date_gmt":"2022-06-24T04:31:01","guid":{"rendered":"http:\/\/agenf.org\/lapalabra\/?p=96"},"modified":"2022-07-09T00:06:21","modified_gmt":"2022-07-09T00:06:21","slug":"los-precios-de-la-mazorca-este-ano","status":"publish","type":"post","link":"https:\/\/agenf.org\/palabras\/index.php\/2022\/06\/24\/los-precios-de-la-mazorca-este-ano\/","title":{"rendered":"Los precios de la mazorca este a\u00f1o."},"content":{"rendered":"\n<p><strong>Por:<\/strong> Diana Jackeline Florez Novoa <\/p>\n\n\n\n<p class=\"has-black-color has-text-color\">En el departamento de Boyac\u00e1 la cosecha de mazorca&nbsp; por lo general inicia en el mes de junio, donde los agricultores despu\u00e9s de 103 d\u00edas recogen su siembra para ser vendida principalmente a los boyacenses, tambi\u00e9n es conocido que los precios var\u00edan de acuerdo del municipio y el sitio donde se adquiera dicho producto, pues para el a\u00f1o 2022 en la \u00faltima semana de mayo se recogi\u00f3 la primera cosecha, en las plazas de mercado el bulto de mazorca tiene un costo que oscilaba entre $70.000 y $90.000, la libra tiene un valor entre 2.000 y 3.000 pesos; ahora bien, en los autoservicios el costo de la unidad es de $1.500 y la bandeja x3 tiene un valor de $4.000; sin embargo, en los grandes supermercados de cadena un kilo de mazorca tiene un costo de $7.980 mientras que la unidad se encuentra entre los $2.200&nbsp; y $4.000. Pero, \u00bfen qu\u00e9 var\u00edan los precios?, Estos var\u00edan de acuerdo al&nbsp; tama\u00f1o del grano y si todos se encuentran sanos, en que tan fresca est\u00e9 la mazorca y en el n\u00famero de cultivos que hayan pues seg\u00fan los comerciantes, para la \u00faltima semana de junio se espera que el producto se encuentre distribuido en la mayor parte del departamento con una disminuci\u00f3n en&nbsp; sus precios, donde un bulto podr\u00eda costar hasta $50.000 aproximadamente.<\/p>\n\n\n\n<p class=\"has-black-color has-text-color\">Teniendo en cuenta estas comparaciones de precios, se puede considerar que para los boyacenses es m\u00e1s amigable con su bolsillo comprar este producto tan reconocido y consumido en esta \u00e9poca del&nbsp; a\u00f1o a los campesinos y peque\u00f1os negocios del departamento.<\/p>\n\n\n\n<p class=\"has-text-align-center\"><img decoding=\"async\" style=\"width: 250px;\" src=\"https:\/\/lh5.googleusercontent.com\/b_cDUZK3vMNl3phcAMNStNLM6mNjnJsHtQzK5waLCrKXYE3Xc6eqCdsqXz1Huc-OtsTO3y_tKetHx7B5_S1fizm22CUqsG9PKm0hPfROeG4KAVcq-2meILpCUH4svgxzIOEHI3X6AmVwLDykUQ\"><\/p>\n","protected":false},"excerpt":{"rendered":"<p>Por: Diana Jackeline Florez Novoa En el departamento de Boyac\u00e1 la cosecha de mazorca&nbsp; por lo general inicia en el mes de junio, donde los agricultores despu\u00e9s de 103 d\u00edas recogen su siembra para ser vendida principalmente a los boyacenses, tambi\u00e9n es conocido que los precios var\u00edan de acuerdo del municipio y el sitio donde [&hellip;]<\/p>\n","protected":false},"author":27,"featured_media":97,"comment_status":"open","ping_status":"open","sticky":false,"template":"","format":"standard","meta":{"_monsterinsights_skip_tracking":false,"_monsterinsights_sitenote_active":false,"_monsterinsights_sitenote_note":"","_monsterinsights_sitenote_category":0,"footnotes":""},"categories":[15,14],"tags":[],"class_list":["post-96","post","type-post","status-publish","format-standard","has-post-thumbnail","hentry","category-agricultura","category-economia"],"_links":{"self":[{"href":"https:\/\/agenf.org\/palabras\/index.php\/wp-json\/wp\/v2\/posts\/96","targetHints":{"allow":["GET"]}}],"collection":[{"href":"https:\/\/agenf.org\/palabras\/index.php\/wp-json\/wp\/v2\/posts"}],"about":[{"href":"https:\/\/agenf.org\/palabras\/index.php\/wp-json\/wp\/v2\/types\/post"}],"author":[{"embeddable":true,"href":"https:\/\/agenf.org\/palabras\/index.php\/wp-json\/wp\/v2\/users\/27"}],"replies":[{"embeddable":true,"href":"https:\/\/agenf.org\/palabras\/index.php\/wp-json\/wp\/v2\/comments?post=96"}],"version-history":[{"count":4,"href":"https:\/\/agenf.org\/palabras\/index.php\/wp-json\/wp\/v2\/posts\/96\/revisions"}],"predecessor-version":[{"id":304,"href":"https:\/\/agenf.org\/palabras\/index.php\/wp-json\/wp\/v2\/posts\/96\/revisions\/304"}],"wp:featuredmedia":[{"embeddable":true,"href":"https:\/\/agenf.org\/palabras\/index.php\/wp-json\/wp\/v2\/media\/97"}],"wp:attachment":[{"href":"https:\/\/agenf.org\/palabras\/index.php\/wp-json\/wp\/v2\/media?parent=96"}],"wp:term":[{"taxonomy":"category","embeddable":true,"href":"https:\/\/agenf.org\/palabras\/index.php\/wp-json\/wp\/v2\/categories?post=96"},{"taxonomy":"post_tag","embeddable":true,"href":"https:\/\/agenf.org\/palabras\/index.php\/wp-json\/wp\/v2\/tags?post=96"}],"curies":[{"name":"wp","href":"https:\/\/api.w.org\/{rel}","templated":true}]}}